{"id":8930,"date":"2026-01-24T15:00:57","date_gmt":"2026-01-24T14:00:57","guid":{"rendered":"https:\/\/www.randeaubonne.fr\/?p=8930"},"modified":"2026-03-08T17:36:15","modified_gmt":"2026-03-08T16:36:15","slug":"week-end-en-pays-minier-11-2025","status":"publish","type":"post","link":"https:\/\/www.randeaubonne.fr\/index.php\/2026\/01\/24\/week-end-en-pays-minier-11-2025\/","title":{"rendered":"Week end en pays minier 11\/2025"},"content":{"rendered":"\n<figure class=\"wp-block-gallery has-nested-images columns-default is-cropped wp-block-gallery-1 is-layout-flex wp-block-gallery-is-layout-flex\">\n<figure class=\"wp-block-image size-large\"><img fetchpriority=\"high\" decoding=\"async\" width=\"1365\" height=\"1024\" data-id=\"8929\" src=\"https:\/\/www.randeaubonne.fr\/wp-content\/uploads\/2026\/01\/haillicourt-descente-du-terril-L-1365x1024.jpg\" alt=\"\" class=\"wp-image-8929\" srcset=\"https:\/\/www.randeaubonne.fr\/wp-content\/uploads\/2026\/01\/haillicourt-descente-du-terril-L-1365x1024.jpg 1365w, https:\/\/www.randeaubonne.fr\/wp-content\/uploads\/2026\/01\/haillicourt-descente-du-terril-L-400x300.jpg 400w, https:\/\/www.randeaubonne.fr\/wp-content\/uploads\/2026\/01\/haillicourt-descente-du-terril-L-768x576.jpg 768w, https:\/\/www.randeaubonne.fr\/wp-content\/uploads\/2026\/01\/haillicourt-descente-du-terril-L-1536x1152.jpg 1536w, https:\/\/www.randeaubonne.fr\/wp-content\/uploads\/2026\/01\/haillicourt-descente-du-terril-L-2048x1536.jpg 2048w, https:\/\/www.randeaubonne.fr\/wp-content\/uploads\/2026\/01\/haillicourt-descente-du-terril-L-1320x990.jpg 1320w\" sizes=\"(max-width: 1365px) 100vw, 1365px\" \/><figcaption class=\"wp-element-caption\">haillicourt descente du terril L<\/figcaption><\/figure>\n\n\n\n<figure class=\"wp-block-image size-large\"><img decoding=\"async\" width=\"1000\" height=\"563\" data-id=\"8928\" data-src=\"https:\/\/www.randeaubonne.fr\/wp-content\/uploads\/2026\/01\/Haillicourt-soleil-sur-les-2-terrils-du-Pays-a-part-R.jpg\" alt=\"\" class=\"wp-image-8928 lazyload\" data-srcset=\"https:\/\/www.randeaubonne.fr\/wp-content\/uploads\/2026\/01\/Haillicourt-soleil-sur-les-2-terrils-du-Pays-a-part-R.jpg 1000w, https:\/\/www.randeaubonne.fr\/wp-content\/uploads\/2026\/01\/Haillicourt-soleil-sur-les-2-terrils-du-Pays-a-part-R-533x300.jpg 533w, https:\/\/www.randeaubonne.fr\/wp-content\/uploads\/2026\/01\/Haillicourt-soleil-sur-les-2-terrils-du-Pays-a-part-R-768x432.jpg 768w\" data-sizes=\"(max-width: 1000px) 100vw, 1000px\" src=\"data:image\/svg+xml;base64,PHN2ZyB3aWR0aD0iMSIgaGVpZ2h0PSIxIiB4bWxucz0iaHR0cDovL3d3dy53My5vcmcvMjAwMC9zdmciPjwvc3ZnPg==\" style=\"--smush-placeholder-width: 1000px; --smush-placeholder-aspect-ratio: 1000\/563;\" \/><figcaption class=\"wp-element-caption\">Haillicourt soleil sur les 2 terrils du Pays \u00e0 part R<\/figcaption><\/figure>\n\n\n\n<figure class=\"wp-block-image size-large\"><img decoding=\"async\" width=\"768\" height=\"1024\" data-id=\"8927\" data-src=\"https:\/\/www.randeaubonne.fr\/wp-content\/uploads\/2026\/01\/Haillicourt-les-3-terrils.jpg\" alt=\"\" class=\"wp-image-8927 lazyload\" data-srcset=\"https:\/\/www.randeaubonne.fr\/wp-content\/uploads\/2026\/01\/Haillicourt-les-3-terrils.jpg 768w, https:\/\/www.randeaubonne.fr\/wp-content\/uploads\/2026\/01\/Haillicourt-les-3-terrils-225x300.jpg 225w\" data-sizes=\"(max-width: 768px) 100vw, 768px\" src=\"data:image\/svg+xml;base64,PHN2ZyB3aWR0aD0iMSIgaGVpZ2h0PSIxIiB4bWxucz0iaHR0cDovL3d3dy53My5vcmcvMjAwMC9zdmciPjwvc3ZnPg==\" style=\"--smush-placeholder-width: 768px; --smush-placeholder-aspect-ratio: 768\/1024;\" \/><figcaption class=\"wp-element-caption\">Haillicourt les  3 terrils<\/figcaption><\/figure>\n\n\n\n<figure class=\"wp-block-image size-large\"><img decoding=\"async\" width=\"1024\" height=\"728\" data-id=\"8926\" data-src=\"https:\/\/www.randeaubonne.fr\/wp-content\/uploads\/2026\/01\/Haillicourt-terril-viticole.jpg\" alt=\"\" class=\"wp-image-8926 lazyload\" data-srcset=\"https:\/\/www.randeaubonne.fr\/wp-content\/uploads\/2026\/01\/Haillicourt-terril-viticole.jpg 1024w, https:\/\/www.randeaubonne.fr\/wp-content\/uploads\/2026\/01\/Haillicourt-terril-viticole-422x300.jpg 422w, https:\/\/www.randeaubonne.fr\/wp-content\/uploads\/2026\/01\/Haillicourt-terril-viticole-768x546.jpg 768w\" data-sizes=\"(max-width: 1024px) 100vw, 1024px\" src=\"data:image\/svg+xml;base64,PHN2ZyB3aWR0aD0iMSIgaGVpZ2h0PSIxIiB4bWxucz0iaHR0cDovL3d3dy53My5vcmcvMjAwMC9zdmciPjwvc3ZnPg==\" style=\"--smush-placeholder-width: 1024px; --smush-placeholder-aspect-ratio: 1024\/728;\" \/><figcaption class=\"wp-element-caption\">Haillicourt terril viticole<\/figcaption><\/figure>\n\n\n\n<figure class=\"wp-block-image size-large\"><img decoding=\"async\" width=\"1000\" height=\"563\" data-id=\"8925\" data-src=\"https:\/\/www.randeaubonne.fr\/wp-content\/uploads\/2026\/01\/Bruay-HDV.jpg\" alt=\"\" class=\"wp-image-8925 lazyload\" data-srcset=\"https:\/\/www.randeaubonne.fr\/wp-content\/uploads\/2026\/01\/Bruay-HDV.jpg 1000w, https:\/\/www.randeaubonne.fr\/wp-content\/uploads\/2026\/01\/Bruay-HDV-533x300.jpg 533w, https:\/\/www.randeaubonne.fr\/wp-content\/uploads\/2026\/01\/Bruay-HDV-768x432.jpg 768w\" data-sizes=\"(max-width: 1000px) 100vw, 1000px\" src=\"data:image\/svg+xml;base64,PHN2ZyB3aWR0aD0iMSIgaGVpZ2h0PSIxIiB4bWxucz0iaHR0cDovL3d3dy53My5vcmcvMjAwMC9zdmciPjwvc3ZnPg==\" style=\"--smush-placeholder-width: 1000px; --smush-placeholder-aspect-ratio: 1000\/563;\" \/><figcaption class=\"wp-element-caption\">Bruay HDV<\/figcaption><\/figure>\n\n\n\n<figure class=\"wp-block-image size-large\"><img decoding=\"async\" width=\"1024\" height=\"768\" data-id=\"8924\" data-src=\"https:\/\/www.randeaubonne.fr\/wp-content\/uploads\/2026\/01\/Bruay-Cite-des-electriciens-2.jpg\" alt=\"\" class=\"wp-image-8924 lazyload\" data-srcset=\"https:\/\/www.randeaubonne.fr\/wp-content\/uploads\/2026\/01\/Bruay-Cite-des-electriciens-2.jpg 1024w, https:\/\/www.randeaubonne.fr\/wp-content\/uploads\/2026\/01\/Bruay-Cite-des-electriciens-2-400x300.jpg 400w, https:\/\/www.randeaubonne.fr\/wp-content\/uploads\/2026\/01\/Bruay-Cite-des-electriciens-2-768x576.jpg 768w\" data-sizes=\"(max-width: 1024px) 100vw, 1024px\" src=\"data:image\/svg+xml;base64,PHN2ZyB3aWR0aD0iMSIgaGVpZ2h0PSIxIiB4bWxucz0iaHR0cDovL3d3dy53My5vcmcvMjAwMC9zdmciPjwvc3ZnPg==\" style=\"--smush-placeholder-width: 1024px; --smush-placeholder-aspect-ratio: 1024\/768;\" \/><figcaption class=\"wp-element-caption\">Bruay Cit\u00e9 des \u00e9lectriciens <\/figcaption><\/figure>\n\n\n\n<figure class=\"wp-block-image size-large\"><img decoding=\"async\" width=\"1365\" height=\"1024\" data-id=\"8923\" data-src=\"https:\/\/www.randeaubonne.fr\/wp-content\/uploads\/2026\/01\/Bruay-groupe-dans-cite-des-electriciens-1365x1024.jpg\" alt=\"\" class=\"wp-image-8923 lazyload\" data-srcset=\"https:\/\/www.randeaubonne.fr\/wp-content\/uploads\/2026\/01\/Bruay-groupe-dans-cite-des-electriciens-1365x1024.jpg 1365w, https:\/\/www.randeaubonne.fr\/wp-content\/uploads\/2026\/01\/Bruay-groupe-dans-cite-des-electriciens-400x300.jpg 400w, https:\/\/www.randeaubonne.fr\/wp-content\/uploads\/2026\/01\/Bruay-groupe-dans-cite-des-electriciens-768x576.jpg 768w, https:\/\/www.randeaubonne.fr\/wp-content\/uploads\/2026\/01\/Bruay-groupe-dans-cite-des-electriciens-1536x1152.jpg 1536w, https:\/\/www.randeaubonne.fr\/wp-content\/uploads\/2026\/01\/Bruay-groupe-dans-cite-des-electriciens-2048x1536.jpg 2048w, https:\/\/www.randeaubonne.fr\/wp-content\/uploads\/2026\/01\/Bruay-groupe-dans-cite-des-electriciens-1320x990.jpg 1320w\" data-sizes=\"(max-width: 1365px) 100vw, 1365px\" src=\"data:image\/svg+xml;base64,PHN2ZyB3aWR0aD0iMSIgaGVpZ2h0PSIxIiB4bWxucz0iaHR0cDovL3d3dy53My5vcmcvMjAwMC9zdmciPjwvc3ZnPg==\" style=\"--smush-placeholder-width: 1365px; --smush-placeholder-aspect-ratio: 1365\/1024;\" \/><figcaption class=\"wp-element-caption\">Bruay Cit\u00e9 des \u00e9lectriciens <\/figcaption><\/figure>\n\n\n\n<figure class=\"wp-block-image size-large\"><img decoding=\"async\" width=\"1365\" height=\"1024\" data-id=\"8922\" data-src=\"https:\/\/www.randeaubonne.fr\/wp-content\/uploads\/2026\/01\/Bruay-groupe-dans-Cite-du-Nouveau-monde-1365x1024.jpg\" alt=\"\" class=\"wp-image-8922 lazyload\" data-srcset=\"https:\/\/www.randeaubonne.fr\/wp-content\/uploads\/2026\/01\/Bruay-groupe-dans-Cite-du-Nouveau-monde-1365x1024.jpg 1365w, https:\/\/www.randeaubonne.fr\/wp-content\/uploads\/2026\/01\/Bruay-groupe-dans-Cite-du-Nouveau-monde-400x300.jpg 400w, https:\/\/www.randeaubonne.fr\/wp-content\/uploads\/2026\/01\/Bruay-groupe-dans-Cite-du-Nouveau-monde-768x576.jpg 768w, https:\/\/www.randeaubonne.fr\/wp-content\/uploads\/2026\/01\/Bruay-groupe-dans-Cite-du-Nouveau-monde-1536x1152.jpg 1536w, https:\/\/www.randeaubonne.fr\/wp-content\/uploads\/2026\/01\/Bruay-groupe-dans-Cite-du-Nouveau-monde-2048x1536.jpg 2048w, https:\/\/www.randeaubonne.fr\/wp-content\/uploads\/2026\/01\/Bruay-groupe-dans-Cite-du-Nouveau-monde-1320x990.jpg 1320w\" data-sizes=\"(max-width: 1365px) 100vw, 1365px\" src=\"data:image\/svg+xml;base64,PHN2ZyB3aWR0aD0iMSIgaGVpZ2h0PSIxIiB4bWxucz0iaHR0cDovL3d3dy53My5vcmcvMjAwMC9zdmciPjwvc3ZnPg==\" style=\"--smush-placeholder-width: 1365px; --smush-placeholder-aspect-ratio: 1365\/1024;\" \/><figcaption class=\"wp-element-caption\">Bruay groupe dans Cit\u00e9 du Nouveau monde<\/figcaption><\/figure>\n\n\n\n<figure class=\"wp-block-image size-large\"><img decoding=\"async\" width=\"1365\" height=\"1024\" data-id=\"8921\" data-src=\"https:\/\/www.randeaubonne.fr\/wp-content\/uploads\/2026\/01\/Bruay-Cite-du-Nouveau-monde-16-3-derriere-des-maisons-1365x1024.jpg\" alt=\"\" class=\"wp-image-8921 lazyload\" data-srcset=\"https:\/\/www.randeaubonne.fr\/wp-content\/uploads\/2026\/01\/Bruay-Cite-du-Nouveau-monde-16-3-derriere-des-maisons-1365x1024.jpg 1365w, https:\/\/www.randeaubonne.fr\/wp-content\/uploads\/2026\/01\/Bruay-Cite-du-Nouveau-monde-16-3-derriere-des-maisons-400x300.jpg 400w, https:\/\/www.randeaubonne.fr\/wp-content\/uploads\/2026\/01\/Bruay-Cite-du-Nouveau-monde-16-3-derriere-des-maisons-768x576.jpg 768w, https:\/\/www.randeaubonne.fr\/wp-content\/uploads\/2026\/01\/Bruay-Cite-du-Nouveau-monde-16-3-derriere-des-maisons-1536x1152.jpg 1536w, https:\/\/www.randeaubonne.fr\/wp-content\/uploads\/2026\/01\/Bruay-Cite-du-Nouveau-monde-16-3-derriere-des-maisons-2048x1536.jpg 2048w, https:\/\/www.randeaubonne.fr\/wp-content\/uploads\/2026\/01\/Bruay-Cite-du-Nouveau-monde-16-3-derriere-des-maisons-1320x990.jpg 1320w\" data-sizes=\"(max-width: 1365px) 100vw, 1365px\" src=\"data:image\/svg+xml;base64,PHN2ZyB3aWR0aD0iMSIgaGVpZ2h0PSIxIiB4bWxucz0iaHR0cDovL3d3dy53My5vcmcvMjAwMC9zdmciPjwvc3ZnPg==\" style=\"--smush-placeholder-width: 1365px; --smush-placeholder-aspect-ratio: 1365\/1024;\" \/><figcaption class=\"wp-element-caption\">Bruay Cit\u00e9 du Nouveau monde 16-3 derri\u00e8re des maisons<\/figcaption><\/figure>\n\n\n\n<figure class=\"wp-block-image size-large\"><img decoding=\"async\" width=\"597\" height=\"1024\" data-id=\"8920\" data-src=\"https:\/\/www.randeaubonne.fr\/wp-content\/uploads\/2026\/01\/Haillicourt-Cite-des-fleurs-et-terril-en-perspective-597x1024.jpg\" alt=\"\" class=\"wp-image-8920 lazyload\" data-srcset=\"https:\/\/www.randeaubonne.fr\/wp-content\/uploads\/2026\/01\/Haillicourt-Cite-des-fleurs-et-terril-en-perspective-597x1024.jpg 597w, https:\/\/www.randeaubonne.fr\/wp-content\/uploads\/2026\/01\/Haillicourt-Cite-des-fleurs-et-terril-en-perspective-175x300.jpg 175w, https:\/\/www.randeaubonne.fr\/wp-content\/uploads\/2026\/01\/Haillicourt-Cite-des-fleurs-et-terril-en-perspective-768x1318.jpg 768w, https:\/\/www.randeaubonne.fr\/wp-content\/uploads\/2026\/01\/Haillicourt-Cite-des-fleurs-et-terril-en-perspective-895x1536.jpg 895w, https:\/\/www.randeaubonne.fr\/wp-content\/uploads\/2026\/01\/Haillicourt-Cite-des-fleurs-et-terril-en-perspective.jpg 921w\" data-sizes=\"(max-width: 597px) 100vw, 597px\" src=\"data:image\/svg+xml;base64,PHN2ZyB3aWR0aD0iMSIgaGVpZ2h0PSIxIiB4bWxucz0iaHR0cDovL3d3dy53My5vcmcvMjAwMC9zdmciPjwvc3ZnPg==\" style=\"--smush-placeholder-width: 597px; --smush-placeholder-aspect-ratio: 597\/1024;\" \/><figcaption class=\"wp-element-caption\">Haillicourt Cit\u00e9 des fleurs et terril en perspective<\/figcaption><\/figure>\n\n\n\n<figure class=\"wp-block-image size-large\"><img decoding=\"async\" width=\"1000\" height=\"563\" data-id=\"8919\" data-src=\"https:\/\/www.randeaubonne.fr\/wp-content\/uploads\/2026\/01\/Bruay-2eme-Terril-pays-a-part.jpg\" alt=\"\" class=\"wp-image-8919 lazyload\" data-srcset=\"https:\/\/www.randeaubonne.fr\/wp-content\/uploads\/2026\/01\/Bruay-2eme-Terril-pays-a-part.jpg 1000w, https:\/\/www.randeaubonne.fr\/wp-content\/uploads\/2026\/01\/Bruay-2eme-Terril-pays-a-part-533x300.jpg 533w, https:\/\/www.randeaubonne.fr\/wp-content\/uploads\/2026\/01\/Bruay-2eme-Terril-pays-a-part-768x432.jpg 768w\" data-sizes=\"(max-width: 1000px) 100vw, 1000px\" src=\"data:image\/svg+xml;base64,PHN2ZyB3aWR0aD0iMSIgaGVpZ2h0PSIxIiB4bWxucz0iaHR0cDovL3d3dy53My5vcmcvMjAwMC9zdmciPjwvc3ZnPg==\" style=\"--smush-placeholder-width: 1000px; --smush-placeholder-aspect-ratio: 1000\/563;\" \/><figcaption class=\"wp-element-caption\">Bruay 2\u00e8me Terril pays \u00e0 part<\/figcaption><\/figure>\n\n\n\n<figure class=\"wp-block-image size-large\"><img decoding=\"async\" width=\"1000\" height=\"563\" data-id=\"8918\" data-src=\"https:\/\/www.randeaubonne.fr\/wp-content\/uploads\/2026\/01\/Bruay-vue-du-Terill-vers-Loos-en-Gohelle.jpg\" alt=\"\" class=\"wp-image-8918 lazyload\" data-srcset=\"https:\/\/www.randeaubonne.fr\/wp-content\/uploads\/2026\/01\/Bruay-vue-du-Terill-vers-Loos-en-Gohelle.jpg 1000w, https:\/\/www.randeaubonne.fr\/wp-content\/uploads\/2026\/01\/Bruay-vue-du-Terill-vers-Loos-en-Gohelle-533x300.jpg 533w, https:\/\/www.randeaubonne.fr\/wp-content\/uploads\/2026\/01\/Bruay-vue-du-Terill-vers-Loos-en-Gohelle-768x432.jpg 768w\" data-sizes=\"(max-width: 1000px) 100vw, 1000px\" src=\"data:image\/svg+xml;base64,PHN2ZyB3aWR0aD0iMSIgaGVpZ2h0PSIxIiB4bWxucz0iaHR0cDovL3d3dy53My5vcmcvMjAwMC9zdmciPjwvc3ZnPg==\" style=\"--smush-placeholder-width: 1000px; --smush-placeholder-aspect-ratio: 1000\/563;\" \/><figcaption class=\"wp-element-caption\">Bruay vue du Terill vers Loos en Gohelle<\/figcaption><\/figure>\n\n\n\n<figure class=\"wp-block-image size-large\"><img decoding=\"async\" width=\"768\" height=\"1024\" data-id=\"8917\" data-src=\"https:\/\/www.randeaubonne.fr\/wp-content\/uploads\/2026\/01\/Bethune-kiosque-jardin-public.jpg\" alt=\"\" class=\"wp-image-8917 lazyload\" data-srcset=\"https:\/\/www.randeaubonne.fr\/wp-content\/uploads\/2026\/01\/Bethune-kiosque-jardin-public.jpg 768w, https:\/\/www.randeaubonne.fr\/wp-content\/uploads\/2026\/01\/Bethune-kiosque-jardin-public-225x300.jpg 225w\" data-sizes=\"(max-width: 768px) 100vw, 768px\" src=\"data:image\/svg+xml;base64,PHN2ZyB3aWR0aD0iMSIgaGVpZ2h0PSIxIiB4bWxucz0iaHR0cDovL3d3dy53My5vcmcvMjAwMC9zdmciPjwvc3ZnPg==\" style=\"--smush-placeholder-width: 768px; --smush-placeholder-aspect-ratio: 768\/1024;\" \/><figcaption class=\"wp-element-caption\">B\u00e9thune kiosque jardin public<\/figcaption><\/figure>\n\n\n\n<figure class=\"wp-block-image size-large\"><img decoding=\"async\" width=\"768\" height=\"1024\" data-id=\"8916\" data-src=\"https:\/\/www.randeaubonne.fr\/wp-content\/uploads\/2026\/01\/Bethune-cloches-du-Beffroi-768x1024.jpg\" alt=\"\" class=\"wp-image-8916 lazyload\" data-srcset=\"https:\/\/www.randeaubonne.fr\/wp-content\/uploads\/2026\/01\/Bethune-cloches-du-Beffroi-768x1024.jpg 768w, https:\/\/www.randeaubonne.fr\/wp-content\/uploads\/2026\/01\/Bethune-cloches-du-Beffroi-225x300.jpg 225w, https:\/\/www.randeaubonne.fr\/wp-content\/uploads\/2026\/01\/Bethune-cloches-du-Beffroi-1152x1536.jpg 1152w, https:\/\/www.randeaubonne.fr\/wp-content\/uploads\/2026\/01\/Bethune-cloches-du-Beffroi-1536x2048.jpg 1536w, https:\/\/www.randeaubonne.fr\/wp-content\/uploads\/2026\/01\/Bethune-cloches-du-Beffroi-1320x1760.jpg 1320w, https:\/\/www.randeaubonne.fr\/wp-content\/uploads\/2026\/01\/Bethune-cloches-du-Beffroi-scaled.jpg 1920w\" data-sizes=\"(max-width: 768px) 100vw, 768px\" src=\"data:image\/svg+xml;base64,PHN2ZyB3aWR0aD0iMSIgaGVpZ2h0PSIxIiB4bWxucz0iaHR0cDovL3d3dy53My5vcmcvMjAwMC9zdmciPjwvc3ZnPg==\" style=\"--smush-placeholder-width: 768px; --smush-placeholder-aspect-ratio: 768\/1024;\" \/><figcaption class=\"wp-element-caption\">B\u00e9thune cloches du Beffroi<\/figcaption><\/figure>\n\n\n\n<figure class=\"wp-block-image size-large\"><img decoding=\"async\" width=\"768\" height=\"1024\" data-id=\"8915\" data-src=\"https:\/\/www.randeaubonne.fr\/wp-content\/uploads\/2026\/01\/Bethune-maisons-flamandes.jpg\" alt=\"\" class=\"wp-image-8915 lazyload\" data-srcset=\"https:\/\/www.randeaubonne.fr\/wp-content\/uploads\/2026\/01\/Bethune-maisons-flamandes.jpg 768w, https:\/\/www.randeaubonne.fr\/wp-content\/uploads\/2026\/01\/Bethune-maisons-flamandes-225x300.jpg 225w\" data-sizes=\"(max-width: 768px) 100vw, 768px\" src=\"data:image\/svg+xml;base64,PHN2ZyB3aWR0aD0iMSIgaGVpZ2h0PSIxIiB4bWxucz0iaHR0cDovL3d3dy53My5vcmcvMjAwMC9zdmciPjwvc3ZnPg==\" style=\"--smush-placeholder-width: 768px; --smush-placeholder-aspect-ratio: 768\/1024;\" \/><figcaption class=\"wp-element-caption\">B\u00e9thune maisons flamandes<\/figcaption><\/figure>\n\n\n\n<figure class=\"wp-block-image size-large\"><img decoding=\"async\" width=\"768\" height=\"1024\" data-id=\"8914\" data-src=\"https:\/\/www.randeaubonne.fr\/wp-content\/uploads\/2026\/01\/Bethune-marche-Noel-entree-beffroi.jpg\" alt=\"\" class=\"wp-image-8914 lazyload\" data-srcset=\"https:\/\/www.randeaubonne.fr\/wp-content\/uploads\/2026\/01\/Bethune-marche-Noel-entree-beffroi.jpg 768w, https:\/\/www.randeaubonne.fr\/wp-content\/uploads\/2026\/01\/Bethune-marche-Noel-entree-beffroi-225x300.jpg 225w\" data-sizes=\"(max-width: 768px) 100vw, 768px\" src=\"data:image\/svg+xml;base64,PHN2ZyB3aWR0aD0iMSIgaGVpZ2h0PSIxIiB4bWxucz0iaHR0cDovL3d3dy53My5vcmcvMjAwMC9zdmciPjwvc3ZnPg==\" style=\"--smush-placeholder-width: 768px; --smush-placeholder-aspect-ratio: 768\/1024;\" \/><figcaption class=\"wp-element-caption\">B\u00e9thune march\u00e9 No\u00ebl entr\u00e9e &amp; beffroi<\/figcaption><\/figure>\n\n\n\n<figure class=\"wp-block-image size-large\"><img decoding=\"async\" width=\"768\" height=\"1024\" data-id=\"8913\" data-src=\"https:\/\/www.randeaubonne.fr\/wp-content\/uploads\/2026\/01\/Bethune-marche-Noel-decor.jpg\" alt=\"\" class=\"wp-image-8913 lazyload\" data-srcset=\"https:\/\/www.randeaubonne.fr\/wp-content\/uploads\/2026\/01\/Bethune-marche-Noel-decor.jpg 768w, https:\/\/www.randeaubonne.fr\/wp-content\/uploads\/2026\/01\/Bethune-marche-Noel-decor-225x300.jpg 225w\" data-sizes=\"(max-width: 768px) 100vw, 768px\" src=\"data:image\/svg+xml;base64,PHN2ZyB3aWR0aD0iMSIgaGVpZ2h0PSIxIiB4bWxucz0iaHR0cDovL3d3dy53My5vcmcvMjAwMC9zdmciPjwvc3ZnPg==\" style=\"--smush-placeholder-width: 768px; --smush-placeholder-aspect-ratio: 768\/1024;\" \/><figcaption class=\"wp-element-caption\">B\u00e9thune march\u00e9 No\u00ebl d\u00e9cor<\/figcaption><\/figure>\n\n\n\n<figure class=\"wp-block-image size-large\"><img decoding=\"async\" width=\"1000\" height=\"563\" data-id=\"8912\" data-src=\"https:\/\/www.randeaubonne.fr\/wp-content\/uploads\/2026\/01\/Marche-de-Noel-de-Bethune-vu-du-haut-du-Beffroi-2.jpg\" alt=\"\" class=\"wp-image-8912 lazyload\" data-srcset=\"https:\/\/www.randeaubonne.fr\/wp-content\/uploads\/2026\/01\/Marche-de-Noel-de-Bethune-vu-du-haut-du-Beffroi-2.jpg 1000w, https:\/\/www.randeaubonne.fr\/wp-content\/uploads\/2026\/01\/Marche-de-Noel-de-Bethune-vu-du-haut-du-Beffroi-2-533x300.jpg 533w, https:\/\/www.randeaubonne.fr\/wp-content\/uploads\/2026\/01\/Marche-de-Noel-de-Bethune-vu-du-haut-du-Beffroi-2-768x432.jpg 768w\" data-sizes=\"(max-width: 1000px) 100vw, 1000px\" src=\"data:image\/svg+xml;base64,PHN2ZyB3aWR0aD0iMSIgaGVpZ2h0PSIxIiB4bWxucz0iaHR0cDovL3d3dy53My5vcmcvMjAwMC9zdmciPjwvc3ZnPg==\" style=\"--smush-placeholder-width: 1000px; --smush-placeholder-aspect-ratio: 1000\/563;\" \/><figcaption class=\"wp-element-caption\">March\u00e9 de No\u00ebl de B\u00e9thune vu du haut du Beffroi<\/figcaption><\/figure>\n\n\n\n<figure class=\"wp-block-image size-large\"><img decoding=\"async\" width=\"1539\" height=\"1024\" data-id=\"8911\" data-src=\"https:\/\/www.randeaubonne.fr\/wp-content\/uploads\/2026\/01\/musee-de-la-mine-entree-1539x1024.jpg\" alt=\"\" class=\"wp-image-8911 lazyload\" data-srcset=\"https:\/\/www.randeaubonne.fr\/wp-content\/uploads\/2026\/01\/musee-de-la-mine-entree-1539x1024.jpg 1539w, https:\/\/www.randeaubonne.fr\/wp-content\/uploads\/2026\/01\/musee-de-la-mine-entree-451x300.jpg 451w, https:\/\/www.randeaubonne.fr\/wp-content\/uploads\/2026\/01\/musee-de-la-mine-entree-768x511.jpg 768w, https:\/\/www.randeaubonne.fr\/wp-content\/uploads\/2026\/01\/musee-de-la-mine-entree-1536x1022.jpg 1536w, https:\/\/www.randeaubonne.fr\/wp-content\/uploads\/2026\/01\/musee-de-la-mine-entree-2048x1363.jpg 2048w, https:\/\/www.randeaubonne.fr\/wp-content\/uploads\/2026\/01\/musee-de-la-mine-entree-1320x878.jpg 1320w\" data-sizes=\"(max-width: 1539px) 100vw, 1539px\" src=\"data:image\/svg+xml;base64,PHN2ZyB3aWR0aD0iMSIgaGVpZ2h0PSIxIiB4bWxucz0iaHR0cDovL3d3dy53My5vcmcvMjAwMC9zdmciPjwvc3ZnPg==\" style=\"--smush-placeholder-width: 1539px; --smush-placeholder-aspect-ratio: 1539\/1024;\" \/><figcaption class=\"wp-element-caption\">mus\u00e9e de la mine entr\u00e9e<\/figcaption><\/figure>\n\n\n\n<figure class=\"wp-block-image size-large\"><img decoding=\"async\" width=\"768\" height=\"1024\" data-id=\"8910\" data-src=\"https:\/\/www.randeaubonne.fr\/wp-content\/uploads\/2026\/01\/musee-de-la-mine-cage-de-descente.jpg\" alt=\"\" class=\"wp-image-8910 lazyload\" data-srcset=\"https:\/\/www.randeaubonne.fr\/wp-content\/uploads\/2026\/01\/musee-de-la-mine-cage-de-descente.jpg 768w, https:\/\/www.randeaubonne.fr\/wp-content\/uploads\/2026\/01\/musee-de-la-mine-cage-de-descente-225x300.jpg 225w\" data-sizes=\"(max-width: 768px) 100vw, 768px\" src=\"data:image\/svg+xml;base64,PHN2ZyB3aWR0aD0iMSIgaGVpZ2h0PSIxIiB4bWxucz0iaHR0cDovL3d3dy53My5vcmcvMjAwMC9zdmciPjwvc3ZnPg==\" style=\"--smush-placeholder-width: 768px; --smush-placeholder-aspect-ratio: 768\/1024;\" \/><figcaption class=\"wp-element-caption\">mus\u00e9e de la mine cage de descente<\/figcaption><\/figure>\n\n\n\n<figure class=\"wp-block-image size-large\"><img decoding=\"async\" width=\"1148\" height=\"764\" data-id=\"8909\" data-src=\"https:\/\/www.randeaubonne.fr\/wp-content\/uploads\/2026\/01\/musee-de-la-mine-galerie.jpg\" alt=\"\" class=\"wp-image-8909 lazyload\" data-srcset=\"https:\/\/www.randeaubonne.fr\/wp-content\/uploads\/2026\/01\/musee-de-la-mine-galerie.jpg 1148w, https:\/\/www.randeaubonne.fr\/wp-content\/uploads\/2026\/01\/musee-de-la-mine-galerie-451x300.jpg 451w, https:\/\/www.randeaubonne.fr\/wp-content\/uploads\/2026\/01\/musee-de-la-mine-galerie-768x511.jpg 768w\" data-sizes=\"(max-width: 1148px) 100vw, 1148px\" src=\"data:image\/svg+xml;base64,PHN2ZyB3aWR0aD0iMSIgaGVpZ2h0PSIxIiB4bWxucz0iaHR0cDovL3d3dy53My5vcmcvMjAwMC9zdmciPjwvc3ZnPg==\" style=\"--smush-placeholder-width: 1148px; --smush-placeholder-aspect-ratio: 1148\/764;\" \/><figcaption class=\"wp-element-caption\">mus\u00e9e de mine galerie<\/figcaption><\/figure>\n\n\n\n<figure class=\"wp-block-image size-large\"><img decoding=\"async\" width=\"768\" height=\"1024\" data-id=\"8908\" data-src=\"https:\/\/www.randeaubonne.fr\/wp-content\/uploads\/2026\/01\/Marles-les-Mines-chevalement.jpg\" alt=\"\" class=\"wp-image-8908 lazyload\" data-srcset=\"https:\/\/www.randeaubonne.fr\/wp-content\/uploads\/2026\/01\/Marles-les-Mines-chevalement.jpg 768w, https:\/\/www.randeaubonne.fr\/wp-content\/uploads\/2026\/01\/Marles-les-Mines-chevalement-225x300.jpg 225w\" data-sizes=\"(max-width: 768px) 100vw, 768px\" src=\"data:image\/svg+xml;base64,PHN2ZyB3aWR0aD0iMSIgaGVpZ2h0PSIxIiB4bWxucz0iaHR0cDovL3d3dy53My5vcmcvMjAwMC9zdmciPjwvc3ZnPg==\" style=\"--smush-placeholder-width: 768px; --smush-placeholder-aspect-ratio: 768\/1024;\" \/><figcaption class=\"wp-element-caption\">Marles les Mines chevalement<\/figcaption><\/figure>\n\n\n\n<figure class=\"wp-block-image size-large\"><img decoding=\"async\" width=\"1365\" height=\"1024\" data-id=\"8907\" data-src=\"https:\/\/www.randeaubonne.fr\/wp-content\/uploads\/2026\/01\/Bethune-cimetiere-partie-militaire-L-1365x1024.jpg\" alt=\"\" class=\"wp-image-8907 lazyload\" data-srcset=\"https:\/\/www.randeaubonne.fr\/wp-content\/uploads\/2026\/01\/Bethune-cimetiere-partie-militaire-L-1365x1024.jpg 1365w, https:\/\/www.randeaubonne.fr\/wp-content\/uploads\/2026\/01\/Bethune-cimetiere-partie-militaire-L-400x300.jpg 400w, https:\/\/www.randeaubonne.fr\/wp-content\/uploads\/2026\/01\/Bethune-cimetiere-partie-militaire-L-768x576.jpg 768w, https:\/\/www.randeaubonne.fr\/wp-content\/uploads\/2026\/01\/Bethune-cimetiere-partie-militaire-L-1536x1152.jpg 1536w, https:\/\/www.randeaubonne.fr\/wp-content\/uploads\/2026\/01\/Bethune-cimetiere-partie-militaire-L-2048x1536.jpg 2048w, https:\/\/www.randeaubonne.fr\/wp-content\/uploads\/2026\/01\/Bethune-cimetiere-partie-militaire-L-1320x990.jpg 1320w\" data-sizes=\"(max-width: 1365px) 100vw, 1365px\" src=\"data:image\/svg+xml;base64,PHN2ZyB3aWR0aD0iMSIgaGVpZ2h0PSIxIiB4bWxucz0iaHR0cDovL3d3dy53My5vcmcvMjAwMC9zdmciPjwvc3ZnPg==\" style=\"--smush-placeholder-width: 1365px; --smush-placeholder-aspect-ratio: 1365\/1024;\" \/><figcaption class=\"wp-element-caption\">B\u00e9thune cimeti\u00e8re partie militaire L<\/figcaption><\/figure>\n\n\n\n<figure class=\"wp-block-image size-large\"><img decoding=\"async\" width=\"1365\" height=\"1024\" data-id=\"8906\" data-src=\"https:\/\/www.randeaubonne.fr\/wp-content\/uploads\/2026\/01\/Bethune-la-Lawe-1365x1024.jpg\" alt=\"\" class=\"wp-image-8906 lazyload\" data-srcset=\"https:\/\/www.randeaubonne.fr\/wp-content\/uploads\/2026\/01\/Bethune-la-Lawe-1365x1024.jpg 1365w, https:\/\/www.randeaubonne.fr\/wp-content\/uploads\/2026\/01\/Bethune-la-Lawe-400x300.jpg 400w, https:\/\/www.randeaubonne.fr\/wp-content\/uploads\/2026\/01\/Bethune-la-Lawe-768x576.jpg 768w, https:\/\/www.randeaubonne.fr\/wp-content\/uploads\/2026\/01\/Bethune-la-Lawe-1536x1152.jpg 1536w, https:\/\/www.randeaubonne.fr\/wp-content\/uploads\/2026\/01\/Bethune-la-Lawe-2048x1536.jpg 2048w, https:\/\/www.randeaubonne.fr\/wp-content\/uploads\/2026\/01\/Bethune-la-Lawe-1320x990.jpg 1320w\" data-sizes=\"(max-width: 1365px) 100vw, 1365px\" src=\"data:image\/svg+xml;base64,PHN2ZyB3aWR0aD0iMSIgaGVpZ2h0PSIxIiB4bWxucz0iaHR0cDovL3d3dy53My5vcmcvMjAwMC9zdmciPjwvc3ZnPg==\" style=\"--smush-placeholder-width: 1365px; --smush-placeholder-aspect-ratio: 1365\/1024;\" \/><figcaption class=\"wp-element-caption\">B\u00e9thune la Lawe<\/figcaption><\/figure>\n\n\n\n<figure class=\"wp-block-image size-large\"><img decoding=\"async\" width=\"1365\" height=\"1024\" data-id=\"8905\" data-src=\"https:\/\/www.randeaubonne.fr\/wp-content\/uploads\/2026\/01\/Bethune-les-oies-attendent-repas-1365x1024.jpg\" alt=\"\" class=\"wp-image-8905 lazyload\" data-srcset=\"https:\/\/www.randeaubonne.fr\/wp-content\/uploads\/2026\/01\/Bethune-les-oies-attendent-repas-1365x1024.jpg 1365w, https:\/\/www.randeaubonne.fr\/wp-content\/uploads\/2026\/01\/Bethune-les-oies-attendent-repas-400x300.jpg 400w, https:\/\/www.randeaubonne.fr\/wp-content\/uploads\/2026\/01\/Bethune-les-oies-attendent-repas-768x576.jpg 768w, https:\/\/www.randeaubonne.fr\/wp-content\/uploads\/2026\/01\/Bethune-les-oies-attendent-repas-1536x1152.jpg 1536w, https:\/\/www.randeaubonne.fr\/wp-content\/uploads\/2026\/01\/Bethune-les-oies-attendent-repas-2048x1536.jpg 2048w, https:\/\/www.randeaubonne.fr\/wp-content\/uploads\/2026\/01\/Bethune-les-oies-attendent-repas-1320x990.jpg 1320w\" data-sizes=\"(max-width: 1365px) 100vw, 1365px\" src=\"data:image\/svg+xml;base64,PHN2ZyB3aWR0aD0iMSIgaGVpZ2h0PSIxIiB4bWxucz0iaHR0cDovL3d3dy53My5vcmcvMjAwMC9zdmciPjwvc3ZnPg==\" style=\"--smush-placeholder-width: 1365px; --smush-placeholder-aspect-ratio: 1365\/1024;\" \/><figcaption class=\"wp-element-caption\">Bethune les oies attendent repas<\/figcaption><\/figure>\n<\/figure>\n","protected":false},"excerpt":{"rendered":"","protected":false},"author":3,"featured_media":0,"comment_status":"closed","ping_status":"open","sticky":false,"template":"","format":"standard","meta":{"footnotes":""},"categories":[68],"tags":[],"class_list":["post-8930","post","type-post","status-publish","format-standard","hentry","category-photos-des-sorties"],"yoast_head":"<!-- This site is optimized with the Yoast SEO plugin v26.7 - https:\/\/yoast.com\/wordpress\/plugins\/seo\/ -->\n<title>Week end en pays minier 11\/2025 - Randeaubonne<\/title>\n<meta name=\"robots\" content=\"noindex, follow\" \/>\n<meta property=\"og:locale\" content=\"fr_FR\" \/>\n<meta property=\"og:type\" content=\"article\" \/>\n<meta property=\"og:title\" content=\"Week end en pays minier 11\/2025 - Randeaubonne\" \/>\n<meta property=\"og:url\" content=\"https:\/\/www.randeaubonne.fr\/index.php\/2026\/01\/24\/week-end-en-pays-minier-11-2025\/\" \/>\n<meta property=\"og:site_name\" content=\"Randeaubonne\" \/>\n<meta property=\"article:published_time\" content=\"2026-01-24T14:00:57+00:00\" \/>\n<meta property=\"article:modified_time\" content=\"2026-03-08T16:36:15+00:00\" \/>\n<meta property=\"og:image\" content=\"https:\/\/www.randeaubonne.fr\/wp-content\/uploads\/2026\/01\/haillicourt-descente-du-terril-L-scaled.jpg\" \/>\n\t<meta property=\"og:image:width\" content=\"2560\" \/>\n\t<meta property=\"og:image:height\" content=\"1920\" \/>\n\t<meta property=\"og:image:type\" content=\"image\/jpeg\" \/>\n<meta name=\"author\" content=\"Admin\" \/>\n<meta name=\"twitter:card\" content=\"summary_large_image\" \/>\n<meta name=\"twitter:label1\" content=\"\u00c9crit par\" \/>\n\t<meta name=\"twitter:data1\" content=\"Admin\" \/>\n\t<meta name=\"twitter:label2\" content=\"Dur\u00e9e de lecture estim\u00e9e\" \/>\n\t<meta name=\"twitter:data2\" content=\"6 minutes\" \/>\n<script type=\"application\/ld+json\" class=\"yoast-schema-graph\">{\"@context\":\"https:\/\/schema.org\",\"@graph\":[{\"@type\":\"Article\",\"@id\":\"https:\/\/www.randeaubonne.fr\/index.php\/2026\/01\/24\/week-end-en-pays-minier-11-2025\/#article\",\"isPartOf\":{\"@id\":\"https:\/\/www.randeaubonne.fr\/index.php\/2026\/01\/24\/week-end-en-pays-minier-11-2025\/\"},\"author\":{\"name\":\"Admin\",\"@id\":\"https:\/\/www.randeaubonne.fr\/#\/schema\/person\/fd1a97fe48e198ac885260fe5b51cd6f\"},\"headline\":\"Week end en pays minier 11\/2025\",\"datePublished\":\"2026-01-24T14:00:57+00:00\",\"dateModified\":\"2026-03-08T16:36:15+00:00\",\"mainEntityOfPage\":{\"@id\":\"https:\/\/www.randeaubonne.fr\/index.php\/2026\/01\/24\/week-end-en-pays-minier-11-2025\/\"},\"wordCount\":155,\"publisher\":{\"@id\":\"https:\/\/www.randeaubonne.fr\/#organization\"},\"image\":{\"@id\":\"https:\/\/www.randeaubonne.fr\/index.php\/2026\/01\/24\/week-end-en-pays-minier-11-2025\/#primaryimage\"},\"thumbnailUrl\":\"https:\/\/www.randeaubonne.fr\/wp-content\/uploads\/2026\/01\/haillicourt-descente-du-terril-L-1365x1024.jpg\",\"articleSection\":[\"Photos des sorties\"],\"inLanguage\":\"fr-FR\"},{\"@type\":\"WebPage\",\"@id\":\"https:\/\/www.randeaubonne.fr\/index.php\/2026\/01\/24\/week-end-en-pays-minier-11-2025\/\",\"url\":\"https:\/\/www.randeaubonne.fr\/index.php\/2026\/01\/24\/week-end-en-pays-minier-11-2025\/\",\"name\":\"Week end en pays minier 11\/2025 - Randeaubonne\",\"isPartOf\":{\"@id\":\"https:\/\/www.randeaubonne.fr\/#website\"},\"primaryImageOfPage\":{\"@id\":\"https:\/\/www.randeaubonne.fr\/index.php\/2026\/01\/24\/week-end-en-pays-minier-11-2025\/#primaryimage\"},\"image\":{\"@id\":\"https:\/\/www.randeaubonne.fr\/index.php\/2026\/01\/24\/week-end-en-pays-minier-11-2025\/#primaryimage\"},\"thumbnailUrl\":\"https:\/\/www.randeaubonne.fr\/wp-content\/uploads\/2026\/01\/haillicourt-descente-du-terril-L-1365x1024.jpg\",\"datePublished\":\"2026-01-24T14:00:57+00:00\",\"dateModified\":\"2026-03-08T16:36:15+00:00\",\"breadcrumb\":{\"@id\":\"https:\/\/www.randeaubonne.fr\/index.php\/2026\/01\/24\/week-end-en-pays-minier-11-2025\/#breadcrumb\"},\"inLanguage\":\"fr-FR\",\"potentialAction\":[{\"@type\":\"ReadAction\",\"target\":[\"https:\/\/www.randeaubonne.fr\/index.php\/2026\/01\/24\/week-end-en-pays-minier-11-2025\/\"]}]},{\"@type\":\"ImageObject\",\"inLanguage\":\"fr-FR\",\"@id\":\"https:\/\/www.randeaubonne.fr\/index.php\/2026\/01\/24\/week-end-en-pays-minier-11-2025\/#primaryimage\",\"url\":\"https:\/\/www.randeaubonne.fr\/wp-content\/uploads\/2026\/01\/haillicourt-descente-du-terril-L-scaled.jpg\",\"contentUrl\":\"https:\/\/www.randeaubonne.fr\/wp-content\/uploads\/2026\/01\/haillicourt-descente-du-terril-L-scaled.jpg\",\"width\":2560,\"height\":1920,\"caption\":\"haillicourt descente du terril L\"},{\"@type\":\"BreadcrumbList\",\"@id\":\"https:\/\/www.randeaubonne.fr\/index.php\/2026\/01\/24\/week-end-en-pays-minier-11-2025\/#breadcrumb\",\"itemListElement\":[{\"@type\":\"ListItem\",\"position\":1,\"name\":\"Accueil\",\"item\":\"https:\/\/www.randeaubonne.fr\/\"},{\"@type\":\"ListItem\",\"position\":2,\"name\":\"Week end en pays minier 11\/2025\"}]},{\"@type\":\"WebSite\",\"@id\":\"https:\/\/www.randeaubonne.fr\/#website\",\"url\":\"https:\/\/www.randeaubonne.fr\/\",\"name\":\"Randeaubonne\",\"description\":\"La convivialit\u00e9 et la bonne humeur sont notre priorit\u00e9 !\",\"publisher\":{\"@id\":\"https:\/\/www.randeaubonne.fr\/#organization\"},\"potentialAction\":[{\"@type\":\"SearchAction\",\"target\":{\"@type\":\"EntryPoint\",\"urlTemplate\":\"https:\/\/www.randeaubonne.fr\/?s={search_term_string}\"},\"query-input\":{\"@type\":\"PropertyValueSpecification\",\"valueRequired\":true,\"valueName\":\"search_term_string\"}}],\"inLanguage\":\"fr-FR\"},{\"@type\":\"Organization\",\"@id\":\"https:\/\/www.randeaubonne.fr\/#organization\",\"name\":\"Randeaubonne\",\"url\":\"https:\/\/www.randeaubonne.fr\/\",\"logo\":{\"@type\":\"ImageObject\",\"inLanguage\":\"fr-FR\",\"@id\":\"https:\/\/www.randeaubonne.fr\/#\/schema\/logo\/image\/\",\"url\":\"https:\/\/www.randeaubonne.fr\/wp-content\/uploads\/2021\/10\/cropped-logo-randeaubonne-site.png\",\"contentUrl\":\"https:\/\/www.randeaubonne.fr\/wp-content\/uploads\/2021\/10\/cropped-logo-randeaubonne-site.png\",\"width\":215,\"height\":211,\"caption\":\"Randeaubonne\"},\"image\":{\"@id\":\"https:\/\/www.randeaubonne.fr\/#\/schema\/logo\/image\/\"}},{\"@type\":\"Person\",\"@id\":\"https:\/\/www.randeaubonne.fr\/#\/schema\/person\/fd1a97fe48e198ac885260fe5b51cd6f\",\"name\":\"Admin\",\"image\":{\"@type\":\"ImageObject\",\"inLanguage\":\"fr-FR\",\"@id\":\"https:\/\/www.randeaubonne.fr\/#\/schema\/person\/image\/\",\"url\":\"https:\/\/secure.gravatar.com\/avatar\/b341dba5d08b12a5f67536cde7f3b104067a60b7a672e68d56a0be4ab4d13045?s=96&d=blank&r=g\",\"contentUrl\":\"https:\/\/secure.gravatar.com\/avatar\/b341dba5d08b12a5f67536cde7f3b104067a60b7a672e68d56a0be4ab4d13045?s=96&d=blank&r=g\",\"caption\":\"Admin\"},\"url\":\"https:\/\/www.randeaubonne.fr\/index.php\/author\/adminrandeaubonne\/\"}]}<\/script>\n<!-- \/ Yoast SEO plugin. -->","yoast_head_json":{"title":"Week end en pays minier 11\/2025 - Randeaubonne","robots":{"index":"noindex","follow":"follow"},"og_locale":"fr_FR","og_type":"article","og_title":"Week end en pays minier 11\/2025 - Randeaubonne","og_url":"https:\/\/www.randeaubonne.fr\/index.php\/2026\/01\/24\/week-end-en-pays-minier-11-2025\/","og_site_name":"Randeaubonne","article_published_time":"2026-01-24T14:00:57+00:00","article_modified_time":"2026-03-08T16:36:15+00:00","og_image":[{"width":2560,"height":1920,"url":"https:\/\/www.randeaubonne.fr\/wp-content\/uploads\/2026\/01\/haillicourt-descente-du-terril-L-scaled.jpg","type":"image\/jpeg"}],"author":"Admin","twitter_card":"summary_large_image","twitter_misc":{"\u00c9crit par":"Admin","Dur\u00e9e de lecture estim\u00e9e":"6 minutes"},"schema":{"@context":"https:\/\/schema.org","@graph":[{"@type":"Article","@id":"https:\/\/www.randeaubonne.fr\/index.php\/2026\/01\/24\/week-end-en-pays-minier-11-2025\/#article","isPartOf":{"@id":"https:\/\/www.randeaubonne.fr\/index.php\/2026\/01\/24\/week-end-en-pays-minier-11-2025\/"},"author":{"name":"Admin","@id":"https:\/\/www.randeaubonne.fr\/#\/schema\/person\/fd1a97fe48e198ac885260fe5b51cd6f"},"headline":"Week end en pays minier 11\/2025","datePublished":"2026-01-24T14:00:57+00:00","dateModified":"2026-03-08T16:36:15+00:00","mainEntityOfPage":{"@id":"https:\/\/www.randeaubonne.fr\/index.php\/2026\/01\/24\/week-end-en-pays-minier-11-2025\/"},"wordCount":155,"publisher":{"@id":"https:\/\/www.randeaubonne.fr\/#organization"},"image":{"@id":"https:\/\/www.randeaubonne.fr\/index.php\/2026\/01\/24\/week-end-en-pays-minier-11-2025\/#primaryimage"},"thumbnailUrl":"https:\/\/www.randeaubonne.fr\/wp-content\/uploads\/2026\/01\/haillicourt-descente-du-terril-L-1365x1024.jpg","articleSection":["Photos des sorties"],"inLanguage":"fr-FR"},{"@type":"WebPage","@id":"https:\/\/www.randeaubonne.fr\/index.php\/2026\/01\/24\/week-end-en-pays-minier-11-2025\/","url":"https:\/\/www.randeaubonne.fr\/index.php\/2026\/01\/24\/week-end-en-pays-minier-11-2025\/","name":"Week end en pays minier 11\/2025 - Randeaubonne","isPartOf":{"@id":"https:\/\/www.randeaubonne.fr\/#website"},"primaryImageOfPage":{"@id":"https:\/\/www.randeaubonne.fr\/index.php\/2026\/01\/24\/week-end-en-pays-minier-11-2025\/#primaryimage"},"image":{"@id":"https:\/\/www.randeaubonne.fr\/index.php\/2026\/01\/24\/week-end-en-pays-minier-11-2025\/#primaryimage"},"thumbnailUrl":"https:\/\/www.randeaubonne.fr\/wp-content\/uploads\/2026\/01\/haillicourt-descente-du-terril-L-1365x1024.jpg","datePublished":"2026-01-24T14:00:57+00:00","dateModified":"2026-03-08T16:36:15+00:00","breadcrumb":{"@id":"https:\/\/www.randeaubonne.fr\/index.php\/2026\/01\/24\/week-end-en-pays-minier-11-2025\/#breadcrumb"},"inLanguage":"fr-FR","potentialAction":[{"@type":"ReadAction","target":["https:\/\/www.randeaubonne.fr\/index.php\/2026\/01\/24\/week-end-en-pays-minier-11-2025\/"]}]},{"@type":"ImageObject","inLanguage":"fr-FR","@id":"https:\/\/www.randeaubonne.fr\/index.php\/2026\/01\/24\/week-end-en-pays-minier-11-2025\/#primaryimage","url":"https:\/\/www.randeaubonne.fr\/wp-content\/uploads\/2026\/01\/haillicourt-descente-du-terril-L-scaled.jpg","contentUrl":"https:\/\/www.randeaubonne.fr\/wp-content\/uploads\/2026\/01\/haillicourt-descente-du-terril-L-scaled.jpg","width":2560,"height":1920,"caption":"haillicourt descente du terril L"},{"@type":"BreadcrumbList","@id":"https:\/\/www.randeaubonne.fr\/index.php\/2026\/01\/24\/week-end-en-pays-minier-11-2025\/#breadcrumb","itemListElement":[{"@type":"ListItem","position":1,"name":"Accueil","item":"https:\/\/www.randeaubonne.fr\/"},{"@type":"ListItem","position":2,"name":"Week end en pays minier 11\/2025"}]},{"@type":"WebSite","@id":"https:\/\/www.randeaubonne.fr\/#website","url":"https:\/\/www.randeaubonne.fr\/","name":"Randeaubonne","description":"La convivialit\u00e9 et la bonne humeur sont notre priorit\u00e9 !","publisher":{"@id":"https:\/\/www.randeaubonne.fr\/#organization"},"potentialAction":[{"@type":"SearchAction","target":{"@type":"EntryPoint","urlTemplate":"https:\/\/www.randeaubonne.fr\/?s={search_term_string}"},"query-input":{"@type":"PropertyValueSpecification","valueRequired":true,"valueName":"search_term_string"}}],"inLanguage":"fr-FR"},{"@type":"Organization","@id":"https:\/\/www.randeaubonne.fr\/#organization","name":"Randeaubonne","url":"https:\/\/www.randeaubonne.fr\/","logo":{"@type":"ImageObject","inLanguage":"fr-FR","@id":"https:\/\/www.randeaubonne.fr\/#\/schema\/logo\/image\/","url":"https:\/\/www.randeaubonne.fr\/wp-content\/uploads\/2021\/10\/cropped-logo-randeaubonne-site.png","contentUrl":"https:\/\/www.randeaubonne.fr\/wp-content\/uploads\/2021\/10\/cropped-logo-randeaubonne-site.png","width":215,"height":211,"caption":"Randeaubonne"},"image":{"@id":"https:\/\/www.randeaubonne.fr\/#\/schema\/logo\/image\/"}},{"@type":"Person","@id":"https:\/\/www.randeaubonne.fr\/#\/schema\/person\/fd1a97fe48e198ac885260fe5b51cd6f","name":"Admin","image":{"@type":"ImageObject","inLanguage":"fr-FR","@id":"https:\/\/www.randeaubonne.fr\/#\/schema\/person\/image\/","url":"https:\/\/secure.gravatar.com\/avatar\/b341dba5d08b12a5f67536cde7f3b104067a60b7a672e68d56a0be4ab4d13045?s=96&d=blank&r=g","contentUrl":"https:\/\/secure.gravatar.com\/avatar\/b341dba5d08b12a5f67536cde7f3b104067a60b7a672e68d56a0be4ab4d13045?s=96&d=blank&r=g","caption":"Admin"},"url":"https:\/\/www.randeaubonne.fr\/index.php\/author\/adminrandeaubonne\/"}]}},"_links":{"self":[{"href":"https:\/\/www.randeaubonne.fr\/index.php\/wp-json\/wp\/v2\/posts\/8930","targetHints":{"allow":["GET"]}}],"collection":[{"href":"https:\/\/www.randeaubonne.fr\/index.php\/wp-json\/wp\/v2\/posts"}],"about":[{"href":"https:\/\/www.randeaubonne.fr\/index.php\/wp-json\/wp\/v2\/types\/post"}],"author":[{"embeddable":true,"href":"https:\/\/www.randeaubonne.fr\/index.php\/wp-json\/wp\/v2\/users\/3"}],"replies":[{"embeddable":true,"href":"https:\/\/www.randeaubonne.fr\/index.php\/wp-json\/wp\/v2\/comments?post=8930"}],"version-history":[{"count":1,"href":"https:\/\/www.randeaubonne.fr\/index.php\/wp-json\/wp\/v2\/posts\/8930\/revisions"}],"predecessor-version":[{"id":8931,"href":"https:\/\/www.randeaubonne.fr\/index.php\/wp-json\/wp\/v2\/posts\/8930\/revisions\/8931"}],"wp:attachment":[{"href":"https:\/\/www.randeaubonne.fr\/index.php\/wp-json\/wp\/v2\/media?parent=8930"}],"wp:term":[{"taxonomy":"category","embeddable":true,"href":"https:\/\/www.randeaubonne.fr\/index.php\/wp-json\/wp\/v2\/categories?post=8930"},{"taxonomy":"post_tag","embeddable":true,"href":"https:\/\/www.randeaubonne.fr\/index.php\/wp-json\/wp\/v2\/tags?post=8930"}],"curies":[{"name":"wp","href":"https:\/\/api.w.org\/{rel}","templated":true}]}}