{"id":7309,"date":"2024-07-14T17:19:27","date_gmt":"2024-07-14T15:19:27","guid":{"rendered":"https:\/\/www.randeaubonne.fr\/?p=7309"},"modified":"2026-02-26T11:13:36","modified_gmt":"2026-02-26T10:13:36","slug":"presles-nerville-la-foret-jeudi-11-juillet-2024-photos","status":"publish","type":"post","link":"https:\/\/www.randeaubonne.fr\/index.php\/2024\/07\/14\/presles-nerville-la-foret-jeudi-11-juillet-2024-photos\/","title":{"rendered":"Presles Nerville la for\u00eat, jeudi 11 juillet 2024 (photos)"},"content":{"rendered":"\n<figure class=\"wp-block-gallery has-nested-images columns-default is-cropped wp-block-gallery-1 is-layout-flex wp-block-gallery-is-layout-flex\">\n<figure class=\"wp-block-image size-large\"><img fetchpriority=\"high\" decoding=\"async\" width=\"1024\" height=\"576\" data-id=\"7308\" src=\"https:\/\/www.randeaubonne.fr\/wp-content\/uploads\/2024\/07\/2024-07-11-Presles-fronton-decole-.jpg\" alt=\"\" class=\"wp-image-7308\" srcset=\"https:\/\/www.randeaubonne.fr\/wp-content\/uploads\/2024\/07\/2024-07-11-Presles-fronton-decole-.jpg 1024w, https:\/\/www.randeaubonne.fr\/wp-content\/uploads\/2024\/07\/2024-07-11-Presles-fronton-decole--533x300.jpg 533w, https:\/\/www.randeaubonne.fr\/wp-content\/uploads\/2024\/07\/2024-07-11-Presles-fronton-decole--768x432.jpg 768w\" sizes=\"(max-width: 1024px) 100vw, 1024px\" \/><\/figure>\n\n\n\n<figure class=\"wp-block-image size-large\"><img decoding=\"async\" width=\"576\" height=\"1024\" data-id=\"7307\" data-src=\"https:\/\/www.randeaubonne.fr\/wp-content\/uploads\/2024\/07\/2024-07-11-stele-hommage-aux-fusilles--576x1024.jpg\" alt=\"\" class=\"wp-image-7307 lazyload\" data-srcset=\"https:\/\/www.randeaubonne.fr\/wp-content\/uploads\/2024\/07\/2024-07-11-stele-hommage-aux-fusilles--576x1024.jpg 576w, https:\/\/www.randeaubonne.fr\/wp-content\/uploads\/2024\/07\/2024-07-11-stele-hommage-aux-fusilles--169x300.jpg 169w, https:\/\/www.randeaubonne.fr\/wp-content\/uploads\/2024\/07\/2024-07-11-stele-hommage-aux-fusilles--768x1365.jpg 768w, https:\/\/www.randeaubonne.fr\/wp-content\/uploads\/2024\/07\/2024-07-11-stele-hommage-aux-fusilles--864x1536.jpg 864w, https:\/\/www.randeaubonne.fr\/wp-content\/uploads\/2024\/07\/2024-07-11-stele-hommage-aux-fusilles--1152x2048.jpg 1152w, https:\/\/www.randeaubonne.fr\/wp-content\/uploads\/2024\/07\/2024-07-11-stele-hommage-aux-fusilles--1320x2347.jpg 1320w, https:\/\/www.randeaubonne.fr\/wp-content\/uploads\/2024\/07\/2024-07-11-stele-hommage-aux-fusilles--scaled.jpg 1440w\" data-sizes=\"(max-width: 576px) 100vw, 576px\" src=\"data:image\/svg+xml;base64,PHN2ZyB3aWR0aD0iMSIgaGVpZ2h0PSIxIiB4bWxucz0iaHR0cDovL3d3dy53My5vcmcvMjAwMC9zdmciPjwvc3ZnPg==\" style=\"--smush-placeholder-width: 576px; --smush-placeholder-aspect-ratio: 576\/1024;\" \/><\/figure>\n\n\n\n<figure class=\"wp-block-image size-large\"><img decoding=\"async\" width=\"1820\" height=\"1024\" data-id=\"7306\" data-src=\"https:\/\/www.randeaubonne.fr\/wp-content\/uploads\/2024\/07\/2024-07-11-un-sentier-peu-frequente--1820x1024.jpg\" alt=\"\" class=\"wp-image-7306 lazyload\" data-srcset=\"https:\/\/www.randeaubonne.fr\/wp-content\/uploads\/2024\/07\/2024-07-11-un-sentier-peu-frequente--1820x1024.jpg 1820w, https:\/\/www.randeaubonne.fr\/wp-content\/uploads\/2024\/07\/2024-07-11-un-sentier-peu-frequente--533x300.jpg 533w, https:\/\/www.randeaubonne.fr\/wp-content\/uploads\/2024\/07\/2024-07-11-un-sentier-peu-frequente--768x432.jpg 768w, https:\/\/www.randeaubonne.fr\/wp-content\/uploads\/2024\/07\/2024-07-11-un-sentier-peu-frequente--1536x864.jpg 1536w, https:\/\/www.randeaubonne.fr\/wp-content\/uploads\/2024\/07\/2024-07-11-un-sentier-peu-frequente--2048x1152.jpg 2048w, https:\/\/www.randeaubonne.fr\/wp-content\/uploads\/2024\/07\/2024-07-11-un-sentier-peu-frequente--1320x743.jpg 1320w\" data-sizes=\"(max-width: 1820px) 100vw, 1820px\" src=\"data:image\/svg+xml;base64,PHN2ZyB3aWR0aD0iMSIgaGVpZ2h0PSIxIiB4bWxucz0iaHR0cDovL3d3dy53My5vcmcvMjAwMC9zdmciPjwvc3ZnPg==\" style=\"--smush-placeholder-width: 1820px; --smush-placeholder-aspect-ratio: 1820\/1024;\" \/><\/figure>\n\n\n\n<figure class=\"wp-block-image size-large\"><img decoding=\"async\" width=\"1820\" height=\"1024\" data-id=\"7305\" data-src=\"https:\/\/www.randeaubonne.fr\/wp-content\/uploads\/2024\/07\/2024-07-11-une-source-bien-cachee--1820x1024.jpg\" alt=\"\" class=\"wp-image-7305 lazyload\" data-srcset=\"https:\/\/www.randeaubonne.fr\/wp-content\/uploads\/2024\/07\/2024-07-11-une-source-bien-cachee--1820x1024.jpg 1820w, https:\/\/www.randeaubonne.fr\/wp-content\/uploads\/2024\/07\/2024-07-11-une-source-bien-cachee--533x300.jpg 533w, https:\/\/www.randeaubonne.fr\/wp-content\/uploads\/2024\/07\/2024-07-11-une-source-bien-cachee--768x432.jpg 768w, https:\/\/www.randeaubonne.fr\/wp-content\/uploads\/2024\/07\/2024-07-11-une-source-bien-cachee--1536x864.jpg 1536w, https:\/\/www.randeaubonne.fr\/wp-content\/uploads\/2024\/07\/2024-07-11-une-source-bien-cachee--2048x1152.jpg 2048w, https:\/\/www.randeaubonne.fr\/wp-content\/uploads\/2024\/07\/2024-07-11-une-source-bien-cachee--1320x743.jpg 1320w\" data-sizes=\"(max-width: 1820px) 100vw, 1820px\" src=\"data:image\/svg+xml;base64,PHN2ZyB3aWR0aD0iMSIgaGVpZ2h0PSIxIiB4bWxucz0iaHR0cDovL3d3dy53My5vcmcvMjAwMC9zdmciPjwvc3ZnPg==\" style=\"--smush-placeholder-width: 1820px; --smush-placeholder-aspect-ratio: 1820\/1024;\" \/><\/figure>\n\n\n\n<figure class=\"wp-block-image size-large\"><img decoding=\"async\" width=\"576\" height=\"1024\" data-id=\"7304\" data-src=\"https:\/\/www.randeaubonne.fr\/wp-content\/uploads\/2024\/07\/2024-07-11-passage-sous-la-passerelle--576x1024.jpg\" alt=\"\" class=\"wp-image-7304 lazyload\" data-srcset=\"https:\/\/www.randeaubonne.fr\/wp-content\/uploads\/2024\/07\/2024-07-11-passage-sous-la-passerelle--576x1024.jpg 576w, https:\/\/www.randeaubonne.fr\/wp-content\/uploads\/2024\/07\/2024-07-11-passage-sous-la-passerelle--169x300.jpg 169w, https:\/\/www.randeaubonne.fr\/wp-content\/uploads\/2024\/07\/2024-07-11-passage-sous-la-passerelle--768x1365.jpg 768w, https:\/\/www.randeaubonne.fr\/wp-content\/uploads\/2024\/07\/2024-07-11-passage-sous-la-passerelle--864x1536.jpg 864w, https:\/\/www.randeaubonne.fr\/wp-content\/uploads\/2024\/07\/2024-07-11-passage-sous-la-passerelle--1152x2048.jpg 1152w, https:\/\/www.randeaubonne.fr\/wp-content\/uploads\/2024\/07\/2024-07-11-passage-sous-la-passerelle--1320x2347.jpg 1320w, https:\/\/www.randeaubonne.fr\/wp-content\/uploads\/2024\/07\/2024-07-11-passage-sous-la-passerelle--scaled.jpg 1440w\" data-sizes=\"(max-width: 576px) 100vw, 576px\" src=\"data:image\/svg+xml;base64,PHN2ZyB3aWR0aD0iMSIgaGVpZ2h0PSIxIiB4bWxucz0iaHR0cDovL3d3dy53My5vcmcvMjAwMC9zdmciPjwvc3ZnPg==\" style=\"--smush-placeholder-width: 576px; --smush-placeholder-aspect-ratio: 576\/1024;\" \/><\/figure>\n\n\n\n<figure class=\"wp-block-image size-large\"><img decoding=\"async\" width=\"1820\" height=\"1024\" data-id=\"7303\" data-src=\"https:\/\/www.randeaubonne.fr\/wp-content\/uploads\/2024\/07\/2024-07-11-passage-sous-la-voie-ferree--1820x1024.jpg\" alt=\"\" class=\"wp-image-7303 lazyload\" data-srcset=\"https:\/\/www.randeaubonne.fr\/wp-content\/uploads\/2024\/07\/2024-07-11-passage-sous-la-voie-ferree--1820x1024.jpg 1820w, https:\/\/www.randeaubonne.fr\/wp-content\/uploads\/2024\/07\/2024-07-11-passage-sous-la-voie-ferree--533x300.jpg 533w, https:\/\/www.randeaubonne.fr\/wp-content\/uploads\/2024\/07\/2024-07-11-passage-sous-la-voie-ferree--768x432.jpg 768w, https:\/\/www.randeaubonne.fr\/wp-content\/uploads\/2024\/07\/2024-07-11-passage-sous-la-voie-ferree--1536x864.jpg 1536w, https:\/\/www.randeaubonne.fr\/wp-content\/uploads\/2024\/07\/2024-07-11-passage-sous-la-voie-ferree--2048x1152.jpg 2048w, https:\/\/www.randeaubonne.fr\/wp-content\/uploads\/2024\/07\/2024-07-11-passage-sous-la-voie-ferree--1320x743.jpg 1320w\" data-sizes=\"(max-width: 1820px) 100vw, 1820px\" src=\"data:image\/svg+xml;base64,PHN2ZyB3aWR0aD0iMSIgaGVpZ2h0PSIxIiB4bWxucz0iaHR0cDovL3d3dy53My5vcmcvMjAwMC9zdmciPjwvc3ZnPg==\" style=\"--smush-placeholder-width: 1820px; --smush-placeholder-aspect-ratio: 1820\/1024;\" \/><\/figure>\n\n\n\n<figure class=\"wp-block-image size-large\"><img decoding=\"async\" width=\"1820\" height=\"1024\" data-id=\"7302\" data-src=\"https:\/\/www.randeaubonne.fr\/wp-content\/uploads\/2024\/07\/2024-07-11-passerelle-aux-garde-corpts-travailles--1820x1024.jpg\" alt=\"\" class=\"wp-image-7302 lazyload\" data-srcset=\"https:\/\/www.randeaubonne.fr\/wp-content\/uploads\/2024\/07\/2024-07-11-passerelle-aux-garde-corpts-travailles--1820x1024.jpg 1820w, https:\/\/www.randeaubonne.fr\/wp-content\/uploads\/2024\/07\/2024-07-11-passerelle-aux-garde-corpts-travailles--533x300.jpg 533w, https:\/\/www.randeaubonne.fr\/wp-content\/uploads\/2024\/07\/2024-07-11-passerelle-aux-garde-corpts-travailles--768x432.jpg 768w, https:\/\/www.randeaubonne.fr\/wp-content\/uploads\/2024\/07\/2024-07-11-passerelle-aux-garde-corpts-travailles--1536x864.jpg 1536w, https:\/\/www.randeaubonne.fr\/wp-content\/uploads\/2024\/07\/2024-07-11-passerelle-aux-garde-corpts-travailles--2048x1152.jpg 2048w, https:\/\/www.randeaubonne.fr\/wp-content\/uploads\/2024\/07\/2024-07-11-passerelle-aux-garde-corpts-travailles--1320x743.jpg 1320w\" data-sizes=\"(max-width: 1820px) 100vw, 1820px\" src=\"data:image\/svg+xml;base64,PHN2ZyB3aWR0aD0iMSIgaGVpZ2h0PSIxIiB4bWxucz0iaHR0cDovL3d3dy53My5vcmcvMjAwMC9zdmciPjwvc3ZnPg==\" style=\"--smush-placeholder-width: 1820px; --smush-placeholder-aspect-ratio: 1820\/1024;\" \/><\/figure>\n\n\n\n<figure class=\"wp-block-image size-large\"><img decoding=\"async\" width=\"1820\" height=\"1024\" data-id=\"7301\" data-src=\"https:\/\/www.randeaubonne.fr\/wp-content\/uploads\/2024\/07\/2024-07-11-Presles-chateau--1820x1024.jpg\" alt=\"\" class=\"wp-image-7301 lazyload\" data-srcset=\"https:\/\/www.randeaubonne.fr\/wp-content\/uploads\/2024\/07\/2024-07-11-Presles-chateau--1820x1024.jpg 1820w, https:\/\/www.randeaubonne.fr\/wp-content\/uploads\/2024\/07\/2024-07-11-Presles-chateau--533x300.jpg 533w, https:\/\/www.randeaubonne.fr\/wp-content\/uploads\/2024\/07\/2024-07-11-Presles-chateau--768x432.jpg 768w, https:\/\/www.randeaubonne.fr\/wp-content\/uploads\/2024\/07\/2024-07-11-Presles-chateau--1536x864.jpg 1536w, https:\/\/www.randeaubonne.fr\/wp-content\/uploads\/2024\/07\/2024-07-11-Presles-chateau--2048x1152.jpg 2048w, https:\/\/www.randeaubonne.fr\/wp-content\/uploads\/2024\/07\/2024-07-11-Presles-chateau--1320x743.jpg 1320w\" data-sizes=\"(max-width: 1820px) 100vw, 1820px\" src=\"data:image\/svg+xml;base64,PHN2ZyB3aWR0aD0iMSIgaGVpZ2h0PSIxIiB4bWxucz0iaHR0cDovL3d3dy53My5vcmcvMjAwMC9zdmciPjwvc3ZnPg==\" style=\"--smush-placeholder-width: 1820px; --smush-placeholder-aspect-ratio: 1820\/1024;\" \/><\/figure>\n\n\n\n<figure class=\"wp-block-image size-large\"><img decoding=\"async\" width=\"1820\" height=\"1024\" data-id=\"7300\" data-src=\"https:\/\/www.randeaubonne.fr\/wp-content\/uploads\/2024\/07\/2024-07-11-banc-baroque--1820x1024.jpg\" alt=\"\" class=\"wp-image-7300 lazyload\" data-srcset=\"https:\/\/www.randeaubonne.fr\/wp-content\/uploads\/2024\/07\/2024-07-11-banc-baroque--1820x1024.jpg 1820w, https:\/\/www.randeaubonne.fr\/wp-content\/uploads\/2024\/07\/2024-07-11-banc-baroque--533x300.jpg 533w, https:\/\/www.randeaubonne.fr\/wp-content\/uploads\/2024\/07\/2024-07-11-banc-baroque--768x432.jpg 768w, https:\/\/www.randeaubonne.fr\/wp-content\/uploads\/2024\/07\/2024-07-11-banc-baroque--1536x864.jpg 1536w, https:\/\/www.randeaubonne.fr\/wp-content\/uploads\/2024\/07\/2024-07-11-banc-baroque--2048x1152.jpg 2048w, https:\/\/www.randeaubonne.fr\/wp-content\/uploads\/2024\/07\/2024-07-11-banc-baroque--1320x743.jpg 1320w\" data-sizes=\"(max-width: 1820px) 100vw, 1820px\" src=\"data:image\/svg+xml;base64,PHN2ZyB3aWR0aD0iMSIgaGVpZ2h0PSIxIiB4bWxucz0iaHR0cDovL3d3dy53My5vcmcvMjAwMC9zdmciPjwvc3ZnPg==\" style=\"--smush-placeholder-width: 1820px; --smush-placeholder-aspect-ratio: 1820\/1024;\" \/><\/figure>\n\n\n\n<figure class=\"wp-block-image size-large\"><img decoding=\"async\" width=\"1820\" height=\"1024\" data-id=\"7299\" data-src=\"https:\/\/www.randeaubonne.fr\/wp-content\/uploads\/2024\/07\/2024-07-11-cultures--1820x1024.jpg\" alt=\"\" class=\"wp-image-7299 lazyload\" data-srcset=\"https:\/\/www.randeaubonne.fr\/wp-content\/uploads\/2024\/07\/2024-07-11-cultures--1820x1024.jpg 1820w, https:\/\/www.randeaubonne.fr\/wp-content\/uploads\/2024\/07\/2024-07-11-cultures--533x300.jpg 533w, https:\/\/www.randeaubonne.fr\/wp-content\/uploads\/2024\/07\/2024-07-11-cultures--768x432.jpg 768w, https:\/\/www.randeaubonne.fr\/wp-content\/uploads\/2024\/07\/2024-07-11-cultures--1536x864.jpg 1536w, https:\/\/www.randeaubonne.fr\/wp-content\/uploads\/2024\/07\/2024-07-11-cultures--2048x1152.jpg 2048w, https:\/\/www.randeaubonne.fr\/wp-content\/uploads\/2024\/07\/2024-07-11-cultures--1320x743.jpg 1320w\" data-sizes=\"(max-width: 1820px) 100vw, 1820px\" src=\"data:image\/svg+xml;base64,PHN2ZyB3aWR0aD0iMSIgaGVpZ2h0PSIxIiB4bWxucz0iaHR0cDovL3d3dy53My5vcmcvMjAwMC9zdmciPjwvc3ZnPg==\" style=\"--smush-placeholder-width: 1820px; --smush-placeholder-aspect-ratio: 1820\/1024;\" \/><\/figure>\n\n\n\n<figure class=\"wp-block-image size-large\"><img decoding=\"async\" width=\"1820\" height=\"1024\" data-id=\"7298\" data-src=\"https:\/\/www.randeaubonne.fr\/wp-content\/uploads\/2024\/07\/2024-07-11-chemin-hesitant-entre-vert-et-blondeur--1820x1024.jpg\" alt=\"\" class=\"wp-image-7298 lazyload\" data-srcset=\"https:\/\/www.randeaubonne.fr\/wp-content\/uploads\/2024\/07\/2024-07-11-chemin-hesitant-entre-vert-et-blondeur--1820x1024.jpg 1820w, https:\/\/www.randeaubonne.fr\/wp-content\/uploads\/2024\/07\/2024-07-11-chemin-hesitant-entre-vert-et-blondeur--533x300.jpg 533w, https:\/\/www.randeaubonne.fr\/wp-content\/uploads\/2024\/07\/2024-07-11-chemin-hesitant-entre-vert-et-blondeur--768x432.jpg 768w, https:\/\/www.randeaubonne.fr\/wp-content\/uploads\/2024\/07\/2024-07-11-chemin-hesitant-entre-vert-et-blondeur--1536x864.jpg 1536w, https:\/\/www.randeaubonne.fr\/wp-content\/uploads\/2024\/07\/2024-07-11-chemin-hesitant-entre-vert-et-blondeur--2048x1152.jpg 2048w, https:\/\/www.randeaubonne.fr\/wp-content\/uploads\/2024\/07\/2024-07-11-chemin-hesitant-entre-vert-et-blondeur--1320x743.jpg 1320w\" data-sizes=\"(max-width: 1820px) 100vw, 1820px\" src=\"data:image\/svg+xml;base64,PHN2ZyB3aWR0aD0iMSIgaGVpZ2h0PSIxIiB4bWxucz0iaHR0cDovL3d3dy53My5vcmcvMjAwMC9zdmciPjwvc3ZnPg==\" style=\"--smush-placeholder-width: 1820px; --smush-placeholder-aspect-ratio: 1820\/1024;\" \/><\/figure>\n\n\n\n<figure class=\"wp-block-image size-large\"><img decoding=\"async\" width=\"1820\" height=\"1024\" data-id=\"7297\" data-src=\"https:\/\/www.randeaubonne.fr\/wp-content\/uploads\/2024\/07\/2024-07-11-en-chemin-vers-la-foret--1820x1024.jpg\" alt=\"\" class=\"wp-image-7297 lazyload\" data-srcset=\"https:\/\/www.randeaubonne.fr\/wp-content\/uploads\/2024\/07\/2024-07-11-en-chemin-vers-la-foret--1820x1024.jpg 1820w, https:\/\/www.randeaubonne.fr\/wp-content\/uploads\/2024\/07\/2024-07-11-en-chemin-vers-la-foret--533x300.jpg 533w, https:\/\/www.randeaubonne.fr\/wp-content\/uploads\/2024\/07\/2024-07-11-en-chemin-vers-la-foret--768x432.jpg 768w, https:\/\/www.randeaubonne.fr\/wp-content\/uploads\/2024\/07\/2024-07-11-en-chemin-vers-la-foret--1536x864.jpg 1536w, https:\/\/www.randeaubonne.fr\/wp-content\/uploads\/2024\/07\/2024-07-11-en-chemin-vers-la-foret--2048x1152.jpg 2048w, https:\/\/www.randeaubonne.fr\/wp-content\/uploads\/2024\/07\/2024-07-11-en-chemin-vers-la-foret--1320x743.jpg 1320w\" data-sizes=\"(max-width: 1820px) 100vw, 1820px\" src=\"data:image\/svg+xml;base64,PHN2ZyB3aWR0aD0iMSIgaGVpZ2h0PSIxIiB4bWxucz0iaHR0cDovL3d3dy53My5vcmcvMjAwMC9zdmciPjwvc3ZnPg==\" style=\"--smush-placeholder-width: 1820px; --smush-placeholder-aspect-ratio: 1820\/1024;\" \/><\/figure>\n\n\n\n<figure class=\"wp-block-image size-large\"><img decoding=\"async\" width=\"1820\" height=\"1024\" data-id=\"7296\" data-src=\"https:\/\/www.randeaubonne.fr\/wp-content\/uploads\/2024\/07\/2024-07-11-lentree-dun-joli-manoir--1820x1024.jpg\" alt=\"\" class=\"wp-image-7296 lazyload\" data-srcset=\"https:\/\/www.randeaubonne.fr\/wp-content\/uploads\/2024\/07\/2024-07-11-lentree-dun-joli-manoir--1820x1024.jpg 1820w, https:\/\/www.randeaubonne.fr\/wp-content\/uploads\/2024\/07\/2024-07-11-lentree-dun-joli-manoir--533x300.jpg 533w, https:\/\/www.randeaubonne.fr\/wp-content\/uploads\/2024\/07\/2024-07-11-lentree-dun-joli-manoir--768x432.jpg 768w, https:\/\/www.randeaubonne.fr\/wp-content\/uploads\/2024\/07\/2024-07-11-lentree-dun-joli-manoir--1536x864.jpg 1536w, https:\/\/www.randeaubonne.fr\/wp-content\/uploads\/2024\/07\/2024-07-11-lentree-dun-joli-manoir--2048x1152.jpg 2048w, https:\/\/www.randeaubonne.fr\/wp-content\/uploads\/2024\/07\/2024-07-11-lentree-dun-joli-manoir--1320x743.jpg 1320w\" data-sizes=\"(max-width: 1820px) 100vw, 1820px\" src=\"data:image\/svg+xml;base64,PHN2ZyB3aWR0aD0iMSIgaGVpZ2h0PSIxIiB4bWxucz0iaHR0cDovL3d3dy53My5vcmcvMjAwMC9zdmciPjwvc3ZnPg==\" style=\"--smush-placeholder-width: 1820px; --smush-placeholder-aspect-ratio: 1820\/1024;\" \/><\/figure>\n\n\n\n<figure class=\"wp-block-image size-large\"><img decoding=\"async\" width=\"1820\" height=\"1024\" data-id=\"7295\" data-src=\"https:\/\/www.randeaubonne.fr\/wp-content\/uploads\/2024\/07\/2024-07-11-maison-fleurie--1820x1024.jpg\" alt=\"\" class=\"wp-image-7295 lazyload\" data-srcset=\"https:\/\/www.randeaubonne.fr\/wp-content\/uploads\/2024\/07\/2024-07-11-maison-fleurie--1820x1024.jpg 1820w, https:\/\/www.randeaubonne.fr\/wp-content\/uploads\/2024\/07\/2024-07-11-maison-fleurie--533x300.jpg 533w, https:\/\/www.randeaubonne.fr\/wp-content\/uploads\/2024\/07\/2024-07-11-maison-fleurie--768x432.jpg 768w, https:\/\/www.randeaubonne.fr\/wp-content\/uploads\/2024\/07\/2024-07-11-maison-fleurie--1536x864.jpg 1536w, https:\/\/www.randeaubonne.fr\/wp-content\/uploads\/2024\/07\/2024-07-11-maison-fleurie--2048x1152.jpg 2048w, https:\/\/www.randeaubonne.fr\/wp-content\/uploads\/2024\/07\/2024-07-11-maison-fleurie--1320x743.jpg 1320w\" data-sizes=\"(max-width: 1820px) 100vw, 1820px\" src=\"data:image\/svg+xml;base64,PHN2ZyB3aWR0aD0iMSIgaGVpZ2h0PSIxIiB4bWxucz0iaHR0cDovL3d3dy53My5vcmcvMjAwMC9zdmciPjwvc3ZnPg==\" style=\"--smush-placeholder-width: 1820px; --smush-placeholder-aspect-ratio: 1820\/1024;\" \/><\/figure>\n<\/figure>\n","protected":false},"excerpt":{"rendered":"","protected":false},"author":3,"featured_media":0,"comment_status":"closed","ping_status":"open","sticky":false,"template":"","format":"standard","meta":{"footnotes":""},"categories":[1],"tags":[],"class_list":["post-7309","post","type-post","status-publish","format-standard","hentry","category-non-classe"],"yoast_head":"<!-- This site is optimized with the Yoast SEO plugin v26.7 - https:\/\/yoast.com\/wordpress\/plugins\/seo\/ -->\n<title>Presles Nerville la for\u00eat, jeudi 11 juillet 2024 (photos) - Randeaubonne<\/title>\n<meta name=\"robots\" content=\"noindex, follow\" \/>\n<meta property=\"og:locale\" content=\"fr_FR\" \/>\n<meta property=\"og:type\" content=\"article\" \/>\n<meta property=\"og:title\" content=\"Presles Nerville la for\u00eat, jeudi 11 juillet 2024 (photos) - Randeaubonne\" \/>\n<meta property=\"og:url\" content=\"https:\/\/www.randeaubonne.fr\/index.php\/2024\/07\/14\/presles-nerville-la-foret-jeudi-11-juillet-2024-photos\/\" \/>\n<meta property=\"og:site_name\" content=\"Randeaubonne\" \/>\n<meta property=\"article:published_time\" content=\"2024-07-14T15:19:27+00:00\" \/>\n<meta property=\"article:modified_time\" content=\"2026-02-26T10:13:36+00:00\" \/>\n<meta property=\"og:image\" content=\"https:\/\/www.randeaubonne.fr\/wp-content\/uploads\/2024\/07\/2024-07-11-Presles-fronton-decole-.jpg\" \/>\n\t<meta property=\"og:image:width\" content=\"1024\" \/>\n\t<meta property=\"og:image:height\" content=\"576\" \/>\n\t<meta property=\"og:image:type\" content=\"image\/jpeg\" \/>\n<meta name=\"author\" content=\"Admin\" \/>\n<meta name=\"twitter:card\" content=\"summary_large_image\" \/>\n<meta name=\"twitter:label1\" content=\"\u00c9crit par\" \/>\n\t<meta name=\"twitter:data1\" content=\"Admin\" \/>\n\t<meta name=\"twitter:label2\" content=\"Dur\u00e9e de lecture estim\u00e9e\" \/>\n\t<meta name=\"twitter:data2\" content=\"3 minutes\" \/>\n<script type=\"application\/ld+json\" class=\"yoast-schema-graph\">{\"@context\":\"https:\/\/schema.org\",\"@graph\":[{\"@type\":\"Article\",\"@id\":\"https:\/\/www.randeaubonne.fr\/index.php\/2024\/07\/14\/presles-nerville-la-foret-jeudi-11-juillet-2024-photos\/#article\",\"isPartOf\":{\"@id\":\"https:\/\/www.randeaubonne.fr\/index.php\/2024\/07\/14\/presles-nerville-la-foret-jeudi-11-juillet-2024-photos\/\"},\"author\":{\"name\":\"Admin\",\"@id\":\"https:\/\/www.randeaubonne.fr\/#\/schema\/person\/fd1a97fe48e198ac885260fe5b51cd6f\"},\"headline\":\"Presles Nerville la for\u00eat, jeudi 11 juillet 2024 (photos)\",\"datePublished\":\"2024-07-14T15:19:27+00:00\",\"dateModified\":\"2026-02-26T10:13:36+00:00\",\"mainEntityOfPage\":{\"@id\":\"https:\/\/www.randeaubonne.fr\/index.php\/2024\/07\/14\/presles-nerville-la-foret-jeudi-11-juillet-2024-photos\/\"},\"wordCount\":8,\"publisher\":{\"@id\":\"https:\/\/www.randeaubonne.fr\/#organization\"},\"image\":{\"@id\":\"https:\/\/www.randeaubonne.fr\/index.php\/2024\/07\/14\/presles-nerville-la-foret-jeudi-11-juillet-2024-photos\/#primaryimage\"},\"thumbnailUrl\":\"https:\/\/www.randeaubonne.fr\/wp-content\/uploads\/2024\/07\/2024-07-11-Presles-fronton-decole-.jpg\",\"inLanguage\":\"fr-FR\"},{\"@type\":\"WebPage\",\"@id\":\"https:\/\/www.randeaubonne.fr\/index.php\/2024\/07\/14\/presles-nerville-la-foret-jeudi-11-juillet-2024-photos\/\",\"url\":\"https:\/\/www.randeaubonne.fr\/index.php\/2024\/07\/14\/presles-nerville-la-foret-jeudi-11-juillet-2024-photos\/\",\"name\":\"Presles Nerville la for\u00eat, jeudi 11 juillet 2024 (photos) - Randeaubonne\",\"isPartOf\":{\"@id\":\"https:\/\/www.randeaubonne.fr\/#website\"},\"primaryImageOfPage\":{\"@id\":\"https:\/\/www.randeaubonne.fr\/index.php\/2024\/07\/14\/presles-nerville-la-foret-jeudi-11-juillet-2024-photos\/#primaryimage\"},\"image\":{\"@id\":\"https:\/\/www.randeaubonne.fr\/index.php\/2024\/07\/14\/presles-nerville-la-foret-jeudi-11-juillet-2024-photos\/#primaryimage\"},\"thumbnailUrl\":\"https:\/\/www.randeaubonne.fr\/wp-content\/uploads\/2024\/07\/2024-07-11-Presles-fronton-decole-.jpg\",\"datePublished\":\"2024-07-14T15:19:27+00:00\",\"dateModified\":\"2026-02-26T10:13:36+00:00\",\"breadcrumb\":{\"@id\":\"https:\/\/www.randeaubonne.fr\/index.php\/2024\/07\/14\/presles-nerville-la-foret-jeudi-11-juillet-2024-photos\/#breadcrumb\"},\"inLanguage\":\"fr-FR\",\"potentialAction\":[{\"@type\":\"ReadAction\",\"target\":[\"https:\/\/www.randeaubonne.fr\/index.php\/2024\/07\/14\/presles-nerville-la-foret-jeudi-11-juillet-2024-photos\/\"]}]},{\"@type\":\"ImageObject\",\"inLanguage\":\"fr-FR\",\"@id\":\"https:\/\/www.randeaubonne.fr\/index.php\/2024\/07\/14\/presles-nerville-la-foret-jeudi-11-juillet-2024-photos\/#primaryimage\",\"url\":\"https:\/\/www.randeaubonne.fr\/wp-content\/uploads\/2024\/07\/2024-07-11-Presles-fronton-decole-.jpg\",\"contentUrl\":\"https:\/\/www.randeaubonne.fr\/wp-content\/uploads\/2024\/07\/2024-07-11-Presles-fronton-decole-.jpg\",\"width\":1024,\"height\":576},{\"@type\":\"BreadcrumbList\",\"@id\":\"https:\/\/www.randeaubonne.fr\/index.php\/2024\/07\/14\/presles-nerville-la-foret-jeudi-11-juillet-2024-photos\/#breadcrumb\",\"itemListElement\":[{\"@type\":\"ListItem\",\"position\":1,\"name\":\"Accueil\",\"item\":\"https:\/\/www.randeaubonne.fr\/\"},{\"@type\":\"ListItem\",\"position\":2,\"name\":\"Presles Nerville la for\u00eat, jeudi 11 juillet 2024 (photos)\"}]},{\"@type\":\"WebSite\",\"@id\":\"https:\/\/www.randeaubonne.fr\/#website\",\"url\":\"https:\/\/www.randeaubonne.fr\/\",\"name\":\"Randeaubonne\",\"description\":\"La convivialit\u00e9 et la bonne humeur sont notre priorit\u00e9 !\",\"publisher\":{\"@id\":\"https:\/\/www.randeaubonne.fr\/#organization\"},\"potentialAction\":[{\"@type\":\"SearchAction\",\"target\":{\"@type\":\"EntryPoint\",\"urlTemplate\":\"https:\/\/www.randeaubonne.fr\/?s={search_term_string}\"},\"query-input\":{\"@type\":\"PropertyValueSpecification\",\"valueRequired\":true,\"valueName\":\"search_term_string\"}}],\"inLanguage\":\"fr-FR\"},{\"@type\":\"Organization\",\"@id\":\"https:\/\/www.randeaubonne.fr\/#organization\",\"name\":\"Randeaubonne\",\"url\":\"https:\/\/www.randeaubonne.fr\/\",\"logo\":{\"@type\":\"ImageObject\",\"inLanguage\":\"fr-FR\",\"@id\":\"https:\/\/www.randeaubonne.fr\/#\/schema\/logo\/image\/\",\"url\":\"https:\/\/www.randeaubonne.fr\/wp-content\/uploads\/2021\/10\/cropped-logo-randeaubonne-site.png\",\"contentUrl\":\"https:\/\/www.randeaubonne.fr\/wp-content\/uploads\/2021\/10\/cropped-logo-randeaubonne-site.png\",\"width\":215,\"height\":211,\"caption\":\"Randeaubonne\"},\"image\":{\"@id\":\"https:\/\/www.randeaubonne.fr\/#\/schema\/logo\/image\/\"}},{\"@type\":\"Person\",\"@id\":\"https:\/\/www.randeaubonne.fr\/#\/schema\/person\/fd1a97fe48e198ac885260fe5b51cd6f\",\"name\":\"Admin\",\"image\":{\"@type\":\"ImageObject\",\"inLanguage\":\"fr-FR\",\"@id\":\"https:\/\/www.randeaubonne.fr\/#\/schema\/person\/image\/\",\"url\":\"https:\/\/secure.gravatar.com\/avatar\/b341dba5d08b12a5f67536cde7f3b104067a60b7a672e68d56a0be4ab4d13045?s=96&d=blank&r=g\",\"contentUrl\":\"https:\/\/secure.gravatar.com\/avatar\/b341dba5d08b12a5f67536cde7f3b104067a60b7a672e68d56a0be4ab4d13045?s=96&d=blank&r=g\",\"caption\":\"Admin\"},\"url\":\"https:\/\/www.randeaubonne.fr\/index.php\/author\/adminrandeaubonne\/\"}]}<\/script>\n<!-- \/ Yoast SEO plugin. -->","yoast_head_json":{"title":"Presles Nerville la for\u00eat, jeudi 11 juillet 2024 (photos) - Randeaubonne","robots":{"index":"noindex","follow":"follow"},"og_locale":"fr_FR","og_type":"article","og_title":"Presles Nerville la for\u00eat, jeudi 11 juillet 2024 (photos) - Randeaubonne","og_url":"https:\/\/www.randeaubonne.fr\/index.php\/2024\/07\/14\/presles-nerville-la-foret-jeudi-11-juillet-2024-photos\/","og_site_name":"Randeaubonne","article_published_time":"2024-07-14T15:19:27+00:00","article_modified_time":"2026-02-26T10:13:36+00:00","og_image":[{"width":1024,"height":576,"url":"https:\/\/www.randeaubonne.fr\/wp-content\/uploads\/2024\/07\/2024-07-11-Presles-fronton-decole-.jpg","type":"image\/jpeg"}],"author":"Admin","twitter_card":"summary_large_image","twitter_misc":{"\u00c9crit par":"Admin","Dur\u00e9e de lecture estim\u00e9e":"3 minutes"},"schema":{"@context":"https:\/\/schema.org","@graph":[{"@type":"Article","@id":"https:\/\/www.randeaubonne.fr\/index.php\/2024\/07\/14\/presles-nerville-la-foret-jeudi-11-juillet-2024-photos\/#article","isPartOf":{"@id":"https:\/\/www.randeaubonne.fr\/index.php\/2024\/07\/14\/presles-nerville-la-foret-jeudi-11-juillet-2024-photos\/"},"author":{"name":"Admin","@id":"https:\/\/www.randeaubonne.fr\/#\/schema\/person\/fd1a97fe48e198ac885260fe5b51cd6f"},"headline":"Presles Nerville la for\u00eat, jeudi 11 juillet 2024 (photos)","datePublished":"2024-07-14T15:19:27+00:00","dateModified":"2026-02-26T10:13:36+00:00","mainEntityOfPage":{"@id":"https:\/\/www.randeaubonne.fr\/index.php\/2024\/07\/14\/presles-nerville-la-foret-jeudi-11-juillet-2024-photos\/"},"wordCount":8,"publisher":{"@id":"https:\/\/www.randeaubonne.fr\/#organization"},"image":{"@id":"https:\/\/www.randeaubonne.fr\/index.php\/2024\/07\/14\/presles-nerville-la-foret-jeudi-11-juillet-2024-photos\/#primaryimage"},"thumbnailUrl":"https:\/\/www.randeaubonne.fr\/wp-content\/uploads\/2024\/07\/2024-07-11-Presles-fronton-decole-.jpg","inLanguage":"fr-FR"},{"@type":"WebPage","@id":"https:\/\/www.randeaubonne.fr\/index.php\/2024\/07\/14\/presles-nerville-la-foret-jeudi-11-juillet-2024-photos\/","url":"https:\/\/www.randeaubonne.fr\/index.php\/2024\/07\/14\/presles-nerville-la-foret-jeudi-11-juillet-2024-photos\/","name":"Presles Nerville la for\u00eat, jeudi 11 juillet 2024 (photos) - Randeaubonne","isPartOf":{"@id":"https:\/\/www.randeaubonne.fr\/#website"},"primaryImageOfPage":{"@id":"https:\/\/www.randeaubonne.fr\/index.php\/2024\/07\/14\/presles-nerville-la-foret-jeudi-11-juillet-2024-photos\/#primaryimage"},"image":{"@id":"https:\/\/www.randeaubonne.fr\/index.php\/2024\/07\/14\/presles-nerville-la-foret-jeudi-11-juillet-2024-photos\/#primaryimage"},"thumbnailUrl":"https:\/\/www.randeaubonne.fr\/wp-content\/uploads\/2024\/07\/2024-07-11-Presles-fronton-decole-.jpg","datePublished":"2024-07-14T15:19:27+00:00","dateModified":"2026-02-26T10:13:36+00:00","breadcrumb":{"@id":"https:\/\/www.randeaubonne.fr\/index.php\/2024\/07\/14\/presles-nerville-la-foret-jeudi-11-juillet-2024-photos\/#breadcrumb"},"inLanguage":"fr-FR","potentialAction":[{"@type":"ReadAction","target":["https:\/\/www.randeaubonne.fr\/index.php\/2024\/07\/14\/presles-nerville-la-foret-jeudi-11-juillet-2024-photos\/"]}]},{"@type":"ImageObject","inLanguage":"fr-FR","@id":"https:\/\/www.randeaubonne.fr\/index.php\/2024\/07\/14\/presles-nerville-la-foret-jeudi-11-juillet-2024-photos\/#primaryimage","url":"https:\/\/www.randeaubonne.fr\/wp-content\/uploads\/2024\/07\/2024-07-11-Presles-fronton-decole-.jpg","contentUrl":"https:\/\/www.randeaubonne.fr\/wp-content\/uploads\/2024\/07\/2024-07-11-Presles-fronton-decole-.jpg","width":1024,"height":576},{"@type":"BreadcrumbList","@id":"https:\/\/www.randeaubonne.fr\/index.php\/2024\/07\/14\/presles-nerville-la-foret-jeudi-11-juillet-2024-photos\/#breadcrumb","itemListElement":[{"@type":"ListItem","position":1,"name":"Accueil","item":"https:\/\/www.randeaubonne.fr\/"},{"@type":"ListItem","position":2,"name":"Presles Nerville la for\u00eat, jeudi 11 juillet 2024 (photos)"}]},{"@type":"WebSite","@id":"https:\/\/www.randeaubonne.fr\/#website","url":"https:\/\/www.randeaubonne.fr\/","name":"Randeaubonne","description":"La convivialit\u00e9 et la bonne humeur sont notre priorit\u00e9 !","publisher":{"@id":"https:\/\/www.randeaubonne.fr\/#organization"},"potentialAction":[{"@type":"SearchAction","target":{"@type":"EntryPoint","urlTemplate":"https:\/\/www.randeaubonne.fr\/?s={search_term_string}"},"query-input":{"@type":"PropertyValueSpecification","valueRequired":true,"valueName":"search_term_string"}}],"inLanguage":"fr-FR"},{"@type":"Organization","@id":"https:\/\/www.randeaubonne.fr\/#organization","name":"Randeaubonne","url":"https:\/\/www.randeaubonne.fr\/","logo":{"@type":"ImageObject","inLanguage":"fr-FR","@id":"https:\/\/www.randeaubonne.fr\/#\/schema\/logo\/image\/","url":"https:\/\/www.randeaubonne.fr\/wp-content\/uploads\/2021\/10\/cropped-logo-randeaubonne-site.png","contentUrl":"https:\/\/www.randeaubonne.fr\/wp-content\/uploads\/2021\/10\/cropped-logo-randeaubonne-site.png","width":215,"height":211,"caption":"Randeaubonne"},"image":{"@id":"https:\/\/www.randeaubonne.fr\/#\/schema\/logo\/image\/"}},{"@type":"Person","@id":"https:\/\/www.randeaubonne.fr\/#\/schema\/person\/fd1a97fe48e198ac885260fe5b51cd6f","name":"Admin","image":{"@type":"ImageObject","inLanguage":"fr-FR","@id":"https:\/\/www.randeaubonne.fr\/#\/schema\/person\/image\/","url":"https:\/\/secure.gravatar.com\/avatar\/b341dba5d08b12a5f67536cde7f3b104067a60b7a672e68d56a0be4ab4d13045?s=96&d=blank&r=g","contentUrl":"https:\/\/secure.gravatar.com\/avatar\/b341dba5d08b12a5f67536cde7f3b104067a60b7a672e68d56a0be4ab4d13045?s=96&d=blank&r=g","caption":"Admin"},"url":"https:\/\/www.randeaubonne.fr\/index.php\/author\/adminrandeaubonne\/"}]}},"_links":{"self":[{"href":"https:\/\/www.randeaubonne.fr\/index.php\/wp-json\/wp\/v2\/posts\/7309","targetHints":{"allow":["GET"]}}],"collection":[{"href":"https:\/\/www.randeaubonne.fr\/index.php\/wp-json\/wp\/v2\/posts"}],"about":[{"href":"https:\/\/www.randeaubonne.fr\/index.php\/wp-json\/wp\/v2\/types\/post"}],"author":[{"embeddable":true,"href":"https:\/\/www.randeaubonne.fr\/index.php\/wp-json\/wp\/v2\/users\/3"}],"replies":[{"embeddable":true,"href":"https:\/\/www.randeaubonne.fr\/index.php\/wp-json\/wp\/v2\/comments?post=7309"}],"version-history":[{"count":1,"href":"https:\/\/www.randeaubonne.fr\/index.php\/wp-json\/wp\/v2\/posts\/7309\/revisions"}],"predecessor-version":[{"id":7310,"href":"https:\/\/www.randeaubonne.fr\/index.php\/wp-json\/wp\/v2\/posts\/7309\/revisions\/7310"}],"wp:attachment":[{"href":"https:\/\/www.randeaubonne.fr\/index.php\/wp-json\/wp\/v2\/media?parent=7309"}],"wp:term":[{"taxonomy":"category","embeddable":true,"href":"https:\/\/www.randeaubonne.fr\/index.php\/wp-json\/wp\/v2\/categories?post=7309"},{"taxonomy":"post_tag","embeddable":true,"href":"https:\/\/www.randeaubonne.fr\/index.php\/wp-json\/wp\/v2\/tags?post=7309"}],"curies":[{"name":"wp","href":"https:\/\/api.w.org\/{rel}","templated":true}]}}