{"id":6010,"date":"2023-12-05T23:18:15","date_gmt":"2023-12-05T22:18:15","guid":{"rendered":"https:\/\/www.randeaubonne.fr\/?p=6010"},"modified":"2026-02-26T10:56:31","modified_gmt":"2026-02-26T09:56:31","slug":"visite-de-la-cite-de-larchitecture-et-du-patrimoine-illuminations-de-noel-a-paris-dimanche-3-decembre-2023-photos-legendees","status":"publish","type":"post","link":"https:\/\/www.randeaubonne.fr\/index.php\/2023\/12\/05\/visite-de-la-cite-de-larchitecture-et-du-patrimoine-illuminations-de-noel-a-paris-dimanche-3-decembre-2023-photos-legendees\/","title":{"rendered":"Visite de la Cit\u00e9 de l&rsquo;architecture et du patrimoine + illuminations de No\u00ebl \u00e0 Paris, dimanche 3 d\u00e9cembre 2023 (photos l\u00e9gend\u00e9es)"},"content":{"rendered":"\n<figure class=\"wp-block-gallery has-nested-images columns-default is-cropped wp-block-gallery-1 is-layout-flex wp-block-gallery-is-layout-flex\">\n<figure class=\"wp-block-image size-large\"><img fetchpriority=\"high\" decoding=\"async\" width=\"1920\" height=\"2560\" data-id=\"6019\" src=\"https:\/\/www.randeaubonne.fr\/wp-content\/uploads\/2023\/12\/2023-12-03_Cite-architecture-1-edited-scaled.jpg\" alt=\"\" class=\"wp-image-6019\" srcset=\"https:\/\/www.randeaubonne.fr\/wp-content\/uploads\/2023\/12\/2023-12-03_Cite-architecture-1-edited-scaled.jpg 1920w, https:\/\/www.randeaubonne.fr\/wp-content\/uploads\/2023\/12\/2023-12-03_Cite-architecture-1-edited-225x300.jpg 225w, https:\/\/www.randeaubonne.fr\/wp-content\/uploads\/2023\/12\/2023-12-03_Cite-architecture-1-edited-768x1024.jpg 768w, https:\/\/www.randeaubonne.fr\/wp-content\/uploads\/2023\/12\/2023-12-03_Cite-architecture-1-edited-1152x1536.jpg 1152w, https:\/\/www.randeaubonne.fr\/wp-content\/uploads\/2023\/12\/2023-12-03_Cite-architecture-1-edited-1536x2048.jpg 1536w, https:\/\/www.randeaubonne.fr\/wp-content\/uploads\/2023\/12\/2023-12-03_Cite-architecture-1-edited-1320x1760.jpg 1320w\" sizes=\"(max-width: 1920px) 100vw, 1920px\" \/><\/figure>\n\n\n\n<figure class=\"wp-block-image size-large\"><img decoding=\"async\" width=\"1365\" height=\"1024\" data-id=\"5975\" data-src=\"https:\/\/www.randeaubonne.fr\/wp-content\/uploads\/2023\/12\/2023-12-03_Cite-architecture-5-1365x1024.jpg\" alt=\"\" class=\"wp-image-5975 lazyload\" data-srcset=\"https:\/\/www.randeaubonne.fr\/wp-content\/uploads\/2023\/12\/2023-12-03_Cite-architecture-5-1365x1024.jpg 1365w, https:\/\/www.randeaubonne.fr\/wp-content\/uploads\/2023\/12\/2023-12-03_Cite-architecture-5-400x300.jpg 400w, https:\/\/www.randeaubonne.fr\/wp-content\/uploads\/2023\/12\/2023-12-03_Cite-architecture-5-768x576.jpg 768w, https:\/\/www.randeaubonne.fr\/wp-content\/uploads\/2023\/12\/2023-12-03_Cite-architecture-5-1536x1152.jpg 1536w, https:\/\/www.randeaubonne.fr\/wp-content\/uploads\/2023\/12\/2023-12-03_Cite-architecture-5-2048x1536.jpg 2048w, https:\/\/www.randeaubonne.fr\/wp-content\/uploads\/2023\/12\/2023-12-03_Cite-architecture-5-1320x990.jpg 1320w\" data-sizes=\"(max-width: 1365px) 100vw, 1365px\" src=\"data:image\/svg+xml;base64,PHN2ZyB3aWR0aD0iMSIgaGVpZ2h0PSIxIiB4bWxucz0iaHR0cDovL3d3dy53My5vcmcvMjAwMC9zdmciPjwvc3ZnPg==\" style=\"--smush-placeholder-width: 1365px; --smush-placeholder-aspect-ratio: 1365\/1024;\" \/><figcaption class=\"wp-element-caption\">Roue d&rsquo;un tunnelier du Grand Paris Express (exposition au sous-sol du mus\u00e9e)<\/figcaption><\/figure>\n\n\n\n<figure class=\"wp-block-image size-large\"><img decoding=\"async\" width=\"1920\" height=\"2560\" data-id=\"6013\" data-src=\"https:\/\/www.randeaubonne.fr\/wp-content\/uploads\/2023\/12\/2023-12-03_Cite-architecture-7-edited-scaled.jpg\" alt=\"\" class=\"wp-image-6013 lazyload\" data-srcset=\"https:\/\/www.randeaubonne.fr\/wp-content\/uploads\/2023\/12\/2023-12-03_Cite-architecture-7-edited-scaled.jpg 1920w, https:\/\/www.randeaubonne.fr\/wp-content\/uploads\/2023\/12\/2023-12-03_Cite-architecture-7-edited-225x300.jpg 225w, https:\/\/www.randeaubonne.fr\/wp-content\/uploads\/2023\/12\/2023-12-03_Cite-architecture-7-edited-768x1024.jpg 768w, https:\/\/www.randeaubonne.fr\/wp-content\/uploads\/2023\/12\/2023-12-03_Cite-architecture-7-edited-1152x1536.jpg 1152w, https:\/\/www.randeaubonne.fr\/wp-content\/uploads\/2023\/12\/2023-12-03_Cite-architecture-7-edited-1536x2048.jpg 1536w, https:\/\/www.randeaubonne.fr\/wp-content\/uploads\/2023\/12\/2023-12-03_Cite-architecture-7-edited-1320x1760.jpg 1320w\" data-sizes=\"(max-width: 1920px) 100vw, 1920px\" src=\"data:image\/svg+xml;base64,PHN2ZyB3aWR0aD0iMSIgaGVpZ2h0PSIxIiB4bWxucz0iaHR0cDovL3d3dy53My5vcmcvMjAwMC9zdmciPjwvc3ZnPg==\" style=\"--smush-placeholder-width: 1920px; --smush-placeholder-aspect-ratio: 1920\/2560;\" \/><figcaption class=\"wp-element-caption\">Au rez-de-chauss\u00e9e du mus\u00e9e : la galerie des moulages<\/figcaption><\/figure>\n\n\n\n<figure class=\"wp-block-image size-large\"><img decoding=\"async\" width=\"1920\" height=\"2560\" data-id=\"6012\" data-src=\"https:\/\/www.randeaubonne.fr\/wp-content\/uploads\/2023\/12\/2023-12-03_Cite-architecture-4-edited-scaled.jpg\" alt=\"\" class=\"wp-image-6012 lazyload\" data-srcset=\"https:\/\/www.randeaubonne.fr\/wp-content\/uploads\/2023\/12\/2023-12-03_Cite-architecture-4-edited-scaled.jpg 1920w, https:\/\/www.randeaubonne.fr\/wp-content\/uploads\/2023\/12\/2023-12-03_Cite-architecture-4-edited-225x300.jpg 225w, https:\/\/www.randeaubonne.fr\/wp-content\/uploads\/2023\/12\/2023-12-03_Cite-architecture-4-edited-768x1024.jpg 768w, https:\/\/www.randeaubonne.fr\/wp-content\/uploads\/2023\/12\/2023-12-03_Cite-architecture-4-edited-1152x1536.jpg 1152w, https:\/\/www.randeaubonne.fr\/wp-content\/uploads\/2023\/12\/2023-12-03_Cite-architecture-4-edited-1536x2048.jpg 1536w, https:\/\/www.randeaubonne.fr\/wp-content\/uploads\/2023\/12\/2023-12-03_Cite-architecture-4-edited-1320x1760.jpg 1320w\" data-sizes=\"(max-width: 1920px) 100vw, 1920px\" src=\"data:image\/svg+xml;base64,PHN2ZyB3aWR0aD0iMSIgaGVpZ2h0PSIxIiB4bWxucz0iaHR0cDovL3d3dy53My5vcmcvMjAwMC9zdmciPjwvc3ZnPg==\" style=\"--smush-placeholder-width: 1920px; --smush-placeholder-aspect-ratio: 1920\/2560;\" \/><figcaption class=\"wp-element-caption\">Exposition sur Notre-Dame <\/figcaption><\/figure>\n\n\n\n<figure class=\"wp-block-image size-large\"><img decoding=\"async\" width=\"1920\" height=\"2560\" data-id=\"6011\" data-src=\"https:\/\/www.randeaubonne.fr\/wp-content\/uploads\/2023\/12\/2023-12-03_Cite-architecture-3-edited-scaled.jpg\" alt=\"\" class=\"wp-image-6011 lazyload\" data-srcset=\"https:\/\/www.randeaubonne.fr\/wp-content\/uploads\/2023\/12\/2023-12-03_Cite-architecture-3-edited-scaled.jpg 1920w, https:\/\/www.randeaubonne.fr\/wp-content\/uploads\/2023\/12\/2023-12-03_Cite-architecture-3-edited-225x300.jpg 225w, https:\/\/www.randeaubonne.fr\/wp-content\/uploads\/2023\/12\/2023-12-03_Cite-architecture-3-edited-768x1024.jpg 768w, https:\/\/www.randeaubonne.fr\/wp-content\/uploads\/2023\/12\/2023-12-03_Cite-architecture-3-edited-1152x1536.jpg 1152w, https:\/\/www.randeaubonne.fr\/wp-content\/uploads\/2023\/12\/2023-12-03_Cite-architecture-3-edited-1536x2048.jpg 1536w, https:\/\/www.randeaubonne.fr\/wp-content\/uploads\/2023\/12\/2023-12-03_Cite-architecture-3-edited-1320x1760.jpg 1320w\" data-sizes=\"(max-width: 1920px) 100vw, 1920px\" src=\"data:image\/svg+xml;base64,PHN2ZyB3aWR0aD0iMSIgaGVpZ2h0PSIxIiB4bWxucz0iaHR0cDovL3d3dy53My5vcmcvMjAwMC9zdmciPjwvc3ZnPg==\" style=\"--smush-placeholder-width: 1920px; --smush-placeholder-aspect-ratio: 1920\/2560;\" \/><figcaption class=\"wp-element-caption\">Les 16 statues qui \u00e9taient sur la fl\u00e8che avaient \u00e9t\u00e9 d\u00e9pos\u00e9es pour restauration juste avant l&rsquo;incendie. On les voit toutes dans le mus\u00e9e. Les originales !<\/figcaption><\/figure>\n\n\n\n<figure class=\"wp-block-image size-large\"><img decoding=\"async\" width=\"1365\" height=\"1024\" data-id=\"5989\" data-src=\"https:\/\/www.randeaubonne.fr\/wp-content\/uploads\/2023\/12\/2023-12-03_Cite-architecture-19-1365x1024.jpg\" alt=\"\" class=\"wp-image-5989 lazyload\" data-srcset=\"https:\/\/www.randeaubonne.fr\/wp-content\/uploads\/2023\/12\/2023-12-03_Cite-architecture-19-1365x1024.jpg 1365w, https:\/\/www.randeaubonne.fr\/wp-content\/uploads\/2023\/12\/2023-12-03_Cite-architecture-19-400x300.jpg 400w, https:\/\/www.randeaubonne.fr\/wp-content\/uploads\/2023\/12\/2023-12-03_Cite-architecture-19-768x576.jpg 768w, https:\/\/www.randeaubonne.fr\/wp-content\/uploads\/2023\/12\/2023-12-03_Cite-architecture-19-1536x1152.jpg 1536w, https:\/\/www.randeaubonne.fr\/wp-content\/uploads\/2023\/12\/2023-12-03_Cite-architecture-19-2048x1536.jpg 2048w, https:\/\/www.randeaubonne.fr\/wp-content\/uploads\/2023\/12\/2023-12-03_Cite-architecture-19-1320x990.jpg 1320w\" data-sizes=\"(max-width: 1365px) 100vw, 1365px\" src=\"data:image\/svg+xml;base64,PHN2ZyB3aWR0aD0iMSIgaGVpZ2h0PSIxIiB4bWxucz0iaHR0cDovL3d3dy53My5vcmcvMjAwMC9zdmciPjwvc3ZnPg==\" style=\"--smush-placeholder-width: 1365px; --smush-placeholder-aspect-ratio: 1365\/1024;\" \/><figcaption class=\"wp-element-caption\">Le coq du haut de la fl\u00e8che a fondu dans l&rsquo;incendie<\/figcaption><\/figure>\n\n\n\n<figure class=\"wp-block-image size-large\"><img decoding=\"async\" width=\"1366\" height=\"1024\" data-id=\"5982\" data-src=\"https:\/\/www.randeaubonne.fr\/wp-content\/uploads\/2023\/12\/2023-12-03_Cite-architecture-12-1366x1024.jpg\" alt=\"\" class=\"wp-image-5982 lazyload\" data-srcset=\"https:\/\/www.randeaubonne.fr\/wp-content\/uploads\/2023\/12\/2023-12-03_Cite-architecture-12-1366x1024.jpg 1366w, https:\/\/www.randeaubonne.fr\/wp-content\/uploads\/2023\/12\/2023-12-03_Cite-architecture-12-400x300.jpg 400w, https:\/\/www.randeaubonne.fr\/wp-content\/uploads\/2023\/12\/2023-12-03_Cite-architecture-12-768x576.jpg 768w, https:\/\/www.randeaubonne.fr\/wp-content\/uploads\/2023\/12\/2023-12-03_Cite-architecture-12-1536x1152.jpg 1536w, https:\/\/www.randeaubonne.fr\/wp-content\/uploads\/2023\/12\/2023-12-03_Cite-architecture-12-2048x1536.jpg 2048w, https:\/\/www.randeaubonne.fr\/wp-content\/uploads\/2023\/12\/2023-12-03_Cite-architecture-12-1320x990.jpg 1320w\" data-sizes=\"(max-width: 1366px) 100vw, 1366px\" src=\"data:image\/svg+xml;base64,PHN2ZyB3aWR0aD0iMSIgaGVpZ2h0PSIxIiB4bWxucz0iaHR0cDovL3d3dy53My5vcmcvMjAwMC9zdmciPjwvc3ZnPg==\" style=\"--smush-placeholder-width: 1366px; --smush-placeholder-aspect-ratio: 1366\/1024;\" \/><\/figure>\n\n\n\n<figure class=\"wp-block-image size-large\"><img decoding=\"async\" width=\"1365\" height=\"1024\" data-id=\"5983\" data-src=\"https:\/\/www.randeaubonne.fr\/wp-content\/uploads\/2023\/12\/2023-12-03_Cite-architecture-13-1365x1024.jpg\" alt=\"\" class=\"wp-image-5983 lazyload\" data-srcset=\"https:\/\/www.randeaubonne.fr\/wp-content\/uploads\/2023\/12\/2023-12-03_Cite-architecture-13-1365x1024.jpg 1365w, https:\/\/www.randeaubonne.fr\/wp-content\/uploads\/2023\/12\/2023-12-03_Cite-architecture-13-400x300.jpg 400w, https:\/\/www.randeaubonne.fr\/wp-content\/uploads\/2023\/12\/2023-12-03_Cite-architecture-13-768x576.jpg 768w, https:\/\/www.randeaubonne.fr\/wp-content\/uploads\/2023\/12\/2023-12-03_Cite-architecture-13-1536x1152.jpg 1536w, https:\/\/www.randeaubonne.fr\/wp-content\/uploads\/2023\/12\/2023-12-03_Cite-architecture-13-2048x1536.jpg 2048w, https:\/\/www.randeaubonne.fr\/wp-content\/uploads\/2023\/12\/2023-12-03_Cite-architecture-13-1320x990.jpg 1320w\" data-sizes=\"(max-width: 1365px) 100vw, 1365px\" src=\"data:image\/svg+xml;base64,PHN2ZyB3aWR0aD0iMSIgaGVpZ2h0PSIxIiB4bWxucz0iaHR0cDovL3d3dy53My5vcmcvMjAwMC9zdmciPjwvc3ZnPg==\" style=\"--smush-placeholder-width: 1365px; --smush-placeholder-aspect-ratio: 1365\/1024;\" \/><\/figure>\n\n\n\n<figure class=\"wp-block-image size-large\"><img decoding=\"async\" width=\"1480\" height=\"1024\" data-id=\"5984\" data-src=\"https:\/\/www.randeaubonne.fr\/wp-content\/uploads\/2023\/12\/2023-12-03_Cite-architecture-14-1480x1024.jpg\" alt=\"\" class=\"wp-image-5984 lazyload\" data-srcset=\"https:\/\/www.randeaubonne.fr\/wp-content\/uploads\/2023\/12\/2023-12-03_Cite-architecture-14-1480x1024.jpg 1480w, https:\/\/www.randeaubonne.fr\/wp-content\/uploads\/2023\/12\/2023-12-03_Cite-architecture-14-434x300.jpg 434w, https:\/\/www.randeaubonne.fr\/wp-content\/uploads\/2023\/12\/2023-12-03_Cite-architecture-14-768x531.jpg 768w, https:\/\/www.randeaubonne.fr\/wp-content\/uploads\/2023\/12\/2023-12-03_Cite-architecture-14-1536x1062.jpg 1536w, https:\/\/www.randeaubonne.fr\/wp-content\/uploads\/2023\/12\/2023-12-03_Cite-architecture-14-2048x1417.jpg 2048w, https:\/\/www.randeaubonne.fr\/wp-content\/uploads\/2023\/12\/2023-12-03_Cite-architecture-14-1320x913.jpg 1320w\" data-sizes=\"(max-width: 1480px) 100vw, 1480px\" src=\"data:image\/svg+xml;base64,PHN2ZyB3aWR0aD0iMSIgaGVpZ2h0PSIxIiB4bWxucz0iaHR0cDovL3d3dy53My5vcmcvMjAwMC9zdmciPjwvc3ZnPg==\" style=\"--smush-placeholder-width: 1480px; --smush-placeholder-aspect-ratio: 1480\/1024;\" \/><\/figure>\n\n\n\n<figure class=\"wp-block-image size-large\"><img decoding=\"async\" width=\"1365\" height=\"1024\" data-id=\"5985\" data-src=\"https:\/\/www.randeaubonne.fr\/wp-content\/uploads\/2023\/12\/2023-12-03_Cite-architecture-15-1365x1024.jpg\" alt=\"\" class=\"wp-image-5985 lazyload\" data-srcset=\"https:\/\/www.randeaubonne.fr\/wp-content\/uploads\/2023\/12\/2023-12-03_Cite-architecture-15-1365x1024.jpg 1365w, https:\/\/www.randeaubonne.fr\/wp-content\/uploads\/2023\/12\/2023-12-03_Cite-architecture-15-400x300.jpg 400w, https:\/\/www.randeaubonne.fr\/wp-content\/uploads\/2023\/12\/2023-12-03_Cite-architecture-15-768x576.jpg 768w, https:\/\/www.randeaubonne.fr\/wp-content\/uploads\/2023\/12\/2023-12-03_Cite-architecture-15-1536x1152.jpg 1536w, https:\/\/www.randeaubonne.fr\/wp-content\/uploads\/2023\/12\/2023-12-03_Cite-architecture-15-2048x1536.jpg 2048w, https:\/\/www.randeaubonne.fr\/wp-content\/uploads\/2023\/12\/2023-12-03_Cite-architecture-15-1320x990.jpg 1320w\" data-sizes=\"(max-width: 1365px) 100vw, 1365px\" src=\"data:image\/svg+xml;base64,PHN2ZyB3aWR0aD0iMSIgaGVpZ2h0PSIxIiB4bWxucz0iaHR0cDovL3d3dy53My5vcmcvMjAwMC9zdmciPjwvc3ZnPg==\" style=\"--smush-placeholder-width: 1365px; --smush-placeholder-aspect-ratio: 1365\/1024;\" \/><\/figure>\n\n\n\n<figure class=\"wp-block-image size-large\"><img decoding=\"async\" width=\"1365\" height=\"1024\" data-id=\"5986\" data-src=\"https:\/\/www.randeaubonne.fr\/wp-content\/uploads\/2023\/12\/2023-12-03_Cite-architecture-16-1365x1024.jpg\" alt=\"\" class=\"wp-image-5986 lazyload\" data-srcset=\"https:\/\/www.randeaubonne.fr\/wp-content\/uploads\/2023\/12\/2023-12-03_Cite-architecture-16-1365x1024.jpg 1365w, https:\/\/www.randeaubonne.fr\/wp-content\/uploads\/2023\/12\/2023-12-03_Cite-architecture-16-400x300.jpg 400w, https:\/\/www.randeaubonne.fr\/wp-content\/uploads\/2023\/12\/2023-12-03_Cite-architecture-16-768x576.jpg 768w, https:\/\/www.randeaubonne.fr\/wp-content\/uploads\/2023\/12\/2023-12-03_Cite-architecture-16-1536x1152.jpg 1536w, https:\/\/www.randeaubonne.fr\/wp-content\/uploads\/2023\/12\/2023-12-03_Cite-architecture-16-2048x1536.jpg 2048w, https:\/\/www.randeaubonne.fr\/wp-content\/uploads\/2023\/12\/2023-12-03_Cite-architecture-16-1320x990.jpg 1320w\" data-sizes=\"(max-width: 1365px) 100vw, 1365px\" src=\"data:image\/svg+xml;base64,PHN2ZyB3aWR0aD0iMSIgaGVpZ2h0PSIxIiB4bWxucz0iaHR0cDovL3d3dy53My5vcmcvMjAwMC9zdmciPjwvc3ZnPg==\" style=\"--smush-placeholder-width: 1365px; --smush-placeholder-aspect-ratio: 1365\/1024;\" \/><figcaption class=\"wp-element-caption\">Des projets de reconstruction du toit. Aucun n&rsquo;a \u00e9t\u00e9 retenu car la d\u00e9cision a \u00e9t\u00e9 prise de reconstruire \u00e0 l&rsquo;identique                  <\/figcaption><\/figure>\n\n\n\n<figure class=\"wp-block-image size-large\"><img decoding=\"async\" width=\"768\" height=\"1024\" data-id=\"5987\" data-src=\"https:\/\/www.randeaubonne.fr\/wp-content\/uploads\/2023\/12\/2023-12-03_Cite-architecture-17-768x1024.jpg\" alt=\"\" class=\"wp-image-5987 lazyload\" data-srcset=\"https:\/\/www.randeaubonne.fr\/wp-content\/uploads\/2023\/12\/2023-12-03_Cite-architecture-17-768x1024.jpg 768w, https:\/\/www.randeaubonne.fr\/wp-content\/uploads\/2023\/12\/2023-12-03_Cite-architecture-17-225x300.jpg 225w, https:\/\/www.randeaubonne.fr\/wp-content\/uploads\/2023\/12\/2023-12-03_Cite-architecture-17-1152x1536.jpg 1152w, https:\/\/www.randeaubonne.fr\/wp-content\/uploads\/2023\/12\/2023-12-03_Cite-architecture-17-1536x2048.jpg 1536w, https:\/\/www.randeaubonne.fr\/wp-content\/uploads\/2023\/12\/2023-12-03_Cite-architecture-17-1320x1760.jpg 1320w, https:\/\/www.randeaubonne.fr\/wp-content\/uploads\/2023\/12\/2023-12-03_Cite-architecture-17.jpg 1643w\" data-sizes=\"(max-width: 768px) 100vw, 768px\" src=\"data:image\/svg+xml;base64,PHN2ZyB3aWR0aD0iMSIgaGVpZ2h0PSIxIiB4bWxucz0iaHR0cDovL3d3dy53My5vcmcvMjAwMC9zdmciPjwvc3ZnPg==\" style=\"--smush-placeholder-width: 768px; --smush-placeholder-aspect-ratio: 768\/1024;\" \/><\/figure>\n\n\n\n<figure class=\"wp-block-image size-large\"><img decoding=\"async\" width=\"768\" height=\"1024\" data-id=\"5988\" data-src=\"https:\/\/www.randeaubonne.fr\/wp-content\/uploads\/2023\/12\/2023-12-03_Cite-architecture-18-768x1024.jpg\" alt=\"\" class=\"wp-image-5988 lazyload\" data-srcset=\"https:\/\/www.randeaubonne.fr\/wp-content\/uploads\/2023\/12\/2023-12-03_Cite-architecture-18-768x1024.jpg 768w, https:\/\/www.randeaubonne.fr\/wp-content\/uploads\/2023\/12\/2023-12-03_Cite-architecture-18-225x300.jpg 225w, https:\/\/www.randeaubonne.fr\/wp-content\/uploads\/2023\/12\/2023-12-03_Cite-architecture-18-1152x1536.jpg 1152w, https:\/\/www.randeaubonne.fr\/wp-content\/uploads\/2023\/12\/2023-12-03_Cite-architecture-18-1536x2048.jpg 1536w, https:\/\/www.randeaubonne.fr\/wp-content\/uploads\/2023\/12\/2023-12-03_Cite-architecture-18-1320x1760.jpg 1320w, https:\/\/www.randeaubonne.fr\/wp-content\/uploads\/2023\/12\/2023-12-03_Cite-architecture-18.jpg 1740w\" data-sizes=\"(max-width: 768px) 100vw, 768px\" src=\"data:image\/svg+xml;base64,PHN2ZyB3aWR0aD0iMSIgaGVpZ2h0PSIxIiB4bWxucz0iaHR0cDovL3d3dy53My5vcmcvMjAwMC9zdmciPjwvc3ZnPg==\" style=\"--smush-placeholder-width: 768px; --smush-placeholder-aspect-ratio: 768\/1024;\" \/><\/figure>\n\n\n\n<figure class=\"wp-block-image size-large\"><img decoding=\"async\" width=\"768\" height=\"1024\" data-id=\"5976\" data-src=\"https:\/\/www.randeaubonne.fr\/wp-content\/uploads\/2023\/12\/2023-12-03_Cite-architecture-6-768x1024.jpg\" alt=\"\" class=\"wp-image-5976 lazyload\" data-srcset=\"https:\/\/www.randeaubonne.fr\/wp-content\/uploads\/2023\/12\/2023-12-03_Cite-architecture-6-768x1024.jpg 768w, https:\/\/www.randeaubonne.fr\/wp-content\/uploads\/2023\/12\/2023-12-03_Cite-architecture-6-225x300.jpg 225w, https:\/\/www.randeaubonne.fr\/wp-content\/uploads\/2023\/12\/2023-12-03_Cite-architecture-6-1152x1536.jpg 1152w, https:\/\/www.randeaubonne.fr\/wp-content\/uploads\/2023\/12\/2023-12-03_Cite-architecture-6-1536x2048.jpg 1536w, https:\/\/www.randeaubonne.fr\/wp-content\/uploads\/2023\/12\/2023-12-03_Cite-architecture-6-1320x1760.jpg 1320w, https:\/\/www.randeaubonne.fr\/wp-content\/uploads\/2023\/12\/2023-12-03_Cite-architecture-6.jpg 1575w\" data-sizes=\"(max-width: 768px) 100vw, 768px\" src=\"data:image\/svg+xml;base64,PHN2ZyB3aWR0aD0iMSIgaGVpZ2h0PSIxIiB4bWxucz0iaHR0cDovL3d3dy53My5vcmcvMjAwMC9zdmciPjwvc3ZnPg==\" style=\"--smush-placeholder-width: 768px; --smush-placeholder-aspect-ratio: 768\/1024;\" \/><\/figure>\n\n\n\n<figure class=\"wp-block-image size-large\"><img decoding=\"async\" width=\"1920\" height=\"2560\" data-id=\"6014\" data-src=\"https:\/\/www.randeaubonne.fr\/wp-content\/uploads\/2023\/12\/2023-12-03_Cite-architecture-11-edited-scaled.jpg\" alt=\"\" class=\"wp-image-6014 lazyload\" data-srcset=\"https:\/\/www.randeaubonne.fr\/wp-content\/uploads\/2023\/12\/2023-12-03_Cite-architecture-11-edited-scaled.jpg 1920w, https:\/\/www.randeaubonne.fr\/wp-content\/uploads\/2023\/12\/2023-12-03_Cite-architecture-11-edited-225x300.jpg 225w, https:\/\/www.randeaubonne.fr\/wp-content\/uploads\/2023\/12\/2023-12-03_Cite-architecture-11-edited-768x1024.jpg 768w, https:\/\/www.randeaubonne.fr\/wp-content\/uploads\/2023\/12\/2023-12-03_Cite-architecture-11-edited-1152x1536.jpg 1152w, https:\/\/www.randeaubonne.fr\/wp-content\/uploads\/2023\/12\/2023-12-03_Cite-architecture-11-edited-1536x2048.jpg 1536w, https:\/\/www.randeaubonne.fr\/wp-content\/uploads\/2023\/12\/2023-12-03_Cite-architecture-11-edited-1320x1760.jpg 1320w\" data-sizes=\"(max-width: 1920px) 100vw, 1920px\" src=\"data:image\/svg+xml;base64,PHN2ZyB3aWR0aD0iMSIgaGVpZ2h0PSIxIiB4bWxucz0iaHR0cDovL3d3dy53My5vcmcvMjAwMC9zdmciPjwvc3ZnPg==\" style=\"--smush-placeholder-width: 1920px; --smush-placeholder-aspect-ratio: 1920\/2560;\" \/><\/figure>\n\n\n\n<figure class=\"wp-block-image size-large\"><img decoding=\"async\" width=\"768\" height=\"1024\" data-id=\"5972\" data-src=\"https:\/\/www.randeaubonne.fr\/wp-content\/uploads\/2023\/12\/2023-12-03_Cite-architecture-2-768x1024.jpg\" alt=\"\" class=\"wp-image-5972 lazyload\" data-srcset=\"https:\/\/www.randeaubonne.fr\/wp-content\/uploads\/2023\/12\/2023-12-03_Cite-architecture-2-768x1024.jpg 768w, https:\/\/www.randeaubonne.fr\/wp-content\/uploads\/2023\/12\/2023-12-03_Cite-architecture-2-225x300.jpg 225w, https:\/\/www.randeaubonne.fr\/wp-content\/uploads\/2023\/12\/2023-12-03_Cite-architecture-2-1152x1536.jpg 1152w, https:\/\/www.randeaubonne.fr\/wp-content\/uploads\/2023\/12\/2023-12-03_Cite-architecture-2-1536x2048.jpg 1536w, https:\/\/www.randeaubonne.fr\/wp-content\/uploads\/2023\/12\/2023-12-03_Cite-architecture-2-1320x1760.jpg 1320w, https:\/\/www.randeaubonne.fr\/wp-content\/uploads\/2023\/12\/2023-12-03_Cite-architecture-2-scaled.jpg 1920w\" data-sizes=\"(max-width: 768px) 100vw, 768px\" src=\"data:image\/svg+xml;base64,PHN2ZyB3aWR0aD0iMSIgaGVpZ2h0PSIxIiB4bWxucz0iaHR0cDovL3d3dy53My5vcmcvMjAwMC9zdmciPjwvc3ZnPg==\" style=\"--smush-placeholder-width: 768px; --smush-placeholder-aspect-ratio: 768\/1024;\" \/><figcaption class=\"wp-element-caption\">\u00e0 l&rsquo;\u00e9tage : galerie des peintures murales<\/figcaption><\/figure>\n\n\n\n<figure class=\"wp-block-image size-large\"><img decoding=\"async\" width=\"768\" height=\"1024\" data-id=\"5978\" data-src=\"https:\/\/www.randeaubonne.fr\/wp-content\/uploads\/2023\/12\/2023-12-03_Cite-architecture-8-768x1024.jpg\" alt=\"\" class=\"wp-image-5978 lazyload\" data-srcset=\"https:\/\/www.randeaubonne.fr\/wp-content\/uploads\/2023\/12\/2023-12-03_Cite-architecture-8-768x1024.jpg 768w, https:\/\/www.randeaubonne.fr\/wp-content\/uploads\/2023\/12\/2023-12-03_Cite-architecture-8-225x300.jpg 225w, https:\/\/www.randeaubonne.fr\/wp-content\/uploads\/2023\/12\/2023-12-03_Cite-architecture-8-1152x1536.jpg 1152w, https:\/\/www.randeaubonne.fr\/wp-content\/uploads\/2023\/12\/2023-12-03_Cite-architecture-8-1536x2048.jpg 1536w, https:\/\/www.randeaubonne.fr\/wp-content\/uploads\/2023\/12\/2023-12-03_Cite-architecture-8-1320x1760.jpg 1320w, https:\/\/www.randeaubonne.fr\/wp-content\/uploads\/2023\/12\/2023-12-03_Cite-architecture-8.jpg 1575w\" data-sizes=\"(max-width: 768px) 100vw, 768px\" src=\"data:image\/svg+xml;base64,PHN2ZyB3aWR0aD0iMSIgaGVpZ2h0PSIxIiB4bWxucz0iaHR0cDovL3d3dy53My5vcmcvMjAwMC9zdmciPjwvc3ZnPg==\" style=\"--smush-placeholder-width: 768px; --smush-placeholder-aspect-ratio: 768\/1024;\" \/><\/figure>\n\n\n\n<figure class=\"wp-block-image size-large\"><img decoding=\"async\" width=\"768\" height=\"1024\" data-id=\"5979\" data-src=\"https:\/\/www.randeaubonne.fr\/wp-content\/uploads\/2023\/12\/2023-12-03_Cite-architecture-9-768x1024.jpg\" alt=\"\" class=\"wp-image-5979 lazyload\" data-srcset=\"https:\/\/www.randeaubonne.fr\/wp-content\/uploads\/2023\/12\/2023-12-03_Cite-architecture-9-768x1024.jpg 768w, https:\/\/www.randeaubonne.fr\/wp-content\/uploads\/2023\/12\/2023-12-03_Cite-architecture-9-225x300.jpg 225w, https:\/\/www.randeaubonne.fr\/wp-content\/uploads\/2023\/12\/2023-12-03_Cite-architecture-9-1152x1536.jpg 1152w, https:\/\/www.randeaubonne.fr\/wp-content\/uploads\/2023\/12\/2023-12-03_Cite-architecture-9-1536x2048.jpg 1536w, https:\/\/www.randeaubonne.fr\/wp-content\/uploads\/2023\/12\/2023-12-03_Cite-architecture-9-1320x1760.jpg 1320w, https:\/\/www.randeaubonne.fr\/wp-content\/uploads\/2023\/12\/2023-12-03_Cite-architecture-9.jpg 1575w\" data-sizes=\"(max-width: 768px) 100vw, 768px\" src=\"data:image\/svg+xml;base64,PHN2ZyB3aWR0aD0iMSIgaGVpZ2h0PSIxIiB4bWxucz0iaHR0cDovL3d3dy53My5vcmcvMjAwMC9zdmciPjwvc3ZnPg==\" style=\"--smush-placeholder-width: 768px; --smush-placeholder-aspect-ratio: 768\/1024;\" \/><\/figure>\n\n\n\n<figure class=\"wp-block-image size-large\"><img decoding=\"async\" width=\"768\" height=\"1024\" data-id=\"5980\" data-src=\"https:\/\/www.randeaubonne.fr\/wp-content\/uploads\/2023\/12\/2023-12-03_Cite-architecture-10-768x1024.jpg\" alt=\"\" class=\"wp-image-5980 lazyload\" data-srcset=\"https:\/\/www.randeaubonne.fr\/wp-content\/uploads\/2023\/12\/2023-12-03_Cite-architecture-10-768x1024.jpg 768w, https:\/\/www.randeaubonne.fr\/wp-content\/uploads\/2023\/12\/2023-12-03_Cite-architecture-10-225x300.jpg 225w, https:\/\/www.randeaubonne.fr\/wp-content\/uploads\/2023\/12\/2023-12-03_Cite-architecture-10-1152x1536.jpg 1152w, https:\/\/www.randeaubonne.fr\/wp-content\/uploads\/2023\/12\/2023-12-03_Cite-architecture-10-1536x2048.jpg 1536w, https:\/\/www.randeaubonne.fr\/wp-content\/uploads\/2023\/12\/2023-12-03_Cite-architecture-10-1320x1760.jpg 1320w, https:\/\/www.randeaubonne.fr\/wp-content\/uploads\/2023\/12\/2023-12-03_Cite-architecture-10-scaled.jpg 1920w\" data-sizes=\"(max-width: 768px) 100vw, 768px\" src=\"data:image\/svg+xml;base64,PHN2ZyB3aWR0aD0iMSIgaGVpZ2h0PSIxIiB4bWxucz0iaHR0cDovL3d3dy53My5vcmcvMjAwMC9zdmciPjwvc3ZnPg==\" style=\"--smush-placeholder-width: 768px; --smush-placeholder-aspect-ratio: 768\/1024;\" \/><figcaption class=\"wp-element-caption\">Exposition sur Gustave Eiffel, mort il y a 100 ans<\/figcaption><\/figure>\n\n\n\n<figure class=\"wp-block-image size-large\"><img decoding=\"async\" width=\"768\" height=\"1024\" data-id=\"6017\" data-src=\"https:\/\/www.randeaubonne.fr\/wp-content\/uploads\/2023\/12\/2023-12-03_illuminations-Noel-Paris-3-edited-768x1024.jpg\" alt=\"\" class=\"wp-image-6017 lazyload\" data-srcset=\"https:\/\/www.randeaubonne.fr\/wp-content\/uploads\/2023\/12\/2023-12-03_illuminations-Noel-Paris-3-edited-768x1024.jpg 768w, https:\/\/www.randeaubonne.fr\/wp-content\/uploads\/2023\/12\/2023-12-03_illuminations-Noel-Paris-3-edited-225x300.jpg 225w, https:\/\/www.randeaubonne.fr\/wp-content\/uploads\/2023\/12\/2023-12-03_illuminations-Noel-Paris-3-edited-1152x1536.jpg 1152w, https:\/\/www.randeaubonne.fr\/wp-content\/uploads\/2023\/12\/2023-12-03_illuminations-Noel-Paris-3-edited-1536x2048.jpg 1536w, https:\/\/www.randeaubonne.fr\/wp-content\/uploads\/2023\/12\/2023-12-03_illuminations-Noel-Paris-3-edited-1320x1760.jpg 1320w, https:\/\/www.randeaubonne.fr\/wp-content\/uploads\/2023\/12\/2023-12-03_illuminations-Noel-Paris-3-edited-scaled.jpg 1920w\" data-sizes=\"(max-width: 768px) 100vw, 768px\" src=\"data:image\/svg+xml;base64,PHN2ZyB3aWR0aD0iMSIgaGVpZ2h0PSIxIiB4bWxucz0iaHR0cDovL3d3dy53My5vcmcvMjAwMC9zdmciPjwvc3ZnPg==\" style=\"--smush-placeholder-width: 768px; --smush-placeholder-aspect-ratio: 768\/1024;\" \/><figcaption class=\"wp-element-caption\">En route pour les illuminations de No\u00ebl<\/figcaption><\/figure>\n\n\n\n<figure class=\"wp-block-image size-large\"><img decoding=\"async\" width=\"768\" height=\"1024\" data-id=\"6016\" data-src=\"https:\/\/www.randeaubonne.fr\/wp-content\/uploads\/2023\/12\/2023-12-03_illuminations-Noel-Paris-2-edited-768x1024.jpg\" alt=\"\" class=\"wp-image-6016 lazyload\" data-srcset=\"https:\/\/www.randeaubonne.fr\/wp-content\/uploads\/2023\/12\/2023-12-03_illuminations-Noel-Paris-2-edited-768x1024.jpg 768w, https:\/\/www.randeaubonne.fr\/wp-content\/uploads\/2023\/12\/2023-12-03_illuminations-Noel-Paris-2-edited-225x300.jpg 225w, https:\/\/www.randeaubonne.fr\/wp-content\/uploads\/2023\/12\/2023-12-03_illuminations-Noel-Paris-2-edited-1152x1536.jpg 1152w, https:\/\/www.randeaubonne.fr\/wp-content\/uploads\/2023\/12\/2023-12-03_illuminations-Noel-Paris-2-edited-1536x2048.jpg 1536w, https:\/\/www.randeaubonne.fr\/wp-content\/uploads\/2023\/12\/2023-12-03_illuminations-Noel-Paris-2-edited-1320x1760.jpg 1320w, https:\/\/www.randeaubonne.fr\/wp-content\/uploads\/2023\/12\/2023-12-03_illuminations-Noel-Paris-2-edited-scaled.jpg 1920w\" data-sizes=\"(max-width: 768px) 100vw, 768px\" src=\"data:image\/svg+xml;base64,PHN2ZyB3aWR0aD0iMSIgaGVpZ2h0PSIxIiB4bWxucz0iaHR0cDovL3d3dy53My5vcmcvMjAwMC9zdmciPjwvc3ZnPg==\" style=\"--smush-placeholder-width: 768px; --smush-placeholder-aspect-ratio: 768\/1024;\" \/><\/figure>\n<\/figure>\n\n\n\n<figure class=\"wp-block-gallery has-nested-images columns-default is-cropped wp-block-gallery-2 is-layout-flex wp-block-gallery-is-layout-flex\">\n<figure class=\"wp-block-image size-large\"><img decoding=\"async\" width=\"1365\" height=\"1024\" data-id=\"6021\" data-src=\"https:\/\/www.randeaubonne.fr\/wp-content\/uploads\/2023\/12\/2023-12-03_illuminations-Noel-Paris-5-1365x1024.jpg\" alt=\"\" class=\"wp-image-6021 lazyload\" data-srcset=\"https:\/\/www.randeaubonne.fr\/wp-content\/uploads\/2023\/12\/2023-12-03_illuminations-Noel-Paris-5-1365x1024.jpg 1365w, https:\/\/www.randeaubonne.fr\/wp-content\/uploads\/2023\/12\/2023-12-03_illuminations-Noel-Paris-5-400x300.jpg 400w, https:\/\/www.randeaubonne.fr\/wp-content\/uploads\/2023\/12\/2023-12-03_illuminations-Noel-Paris-5-768x576.jpg 768w, https:\/\/www.randeaubonne.fr\/wp-content\/uploads\/2023\/12\/2023-12-03_illuminations-Noel-Paris-5-1536x1152.jpg 1536w, https:\/\/www.randeaubonne.fr\/wp-content\/uploads\/2023\/12\/2023-12-03_illuminations-Noel-Paris-5-2048x1536.jpg 2048w, https:\/\/www.randeaubonne.fr\/wp-content\/uploads\/2023\/12\/2023-12-03_illuminations-Noel-Paris-5-1320x990.jpg 1320w\" data-sizes=\"(max-width: 1365px) 100vw, 1365px\" src=\"data:image\/svg+xml;base64,PHN2ZyB3aWR0aD0iMSIgaGVpZ2h0PSIxIiB4bWxucz0iaHR0cDovL3d3dy53My5vcmcvMjAwMC9zdmciPjwvc3ZnPg==\" style=\"--smush-placeholder-width: 1365px; --smush-placeholder-aspect-ratio: 1365\/1024;\" \/><\/figure>\n\n\n\n<figure class=\"wp-block-image size-large\"><img decoding=\"async\" width=\"1365\" height=\"1024\" data-id=\"6022\" data-src=\"https:\/\/www.randeaubonne.fr\/wp-content\/uploads\/2023\/12\/2023-12-03_illuminations-Noel-Paris-6-1365x1024.jpg\" alt=\"\" class=\"wp-image-6022 lazyload\" data-srcset=\"https:\/\/www.randeaubonne.fr\/wp-content\/uploads\/2023\/12\/2023-12-03_illuminations-Noel-Paris-6-1365x1024.jpg 1365w, https:\/\/www.randeaubonne.fr\/wp-content\/uploads\/2023\/12\/2023-12-03_illuminations-Noel-Paris-6-400x300.jpg 400w, https:\/\/www.randeaubonne.fr\/wp-content\/uploads\/2023\/12\/2023-12-03_illuminations-Noel-Paris-6-768x576.jpg 768w, https:\/\/www.randeaubonne.fr\/wp-content\/uploads\/2023\/12\/2023-12-03_illuminations-Noel-Paris-6-1536x1152.jpg 1536w, https:\/\/www.randeaubonne.fr\/wp-content\/uploads\/2023\/12\/2023-12-03_illuminations-Noel-Paris-6-2048x1536.jpg 2048w, https:\/\/www.randeaubonne.fr\/wp-content\/uploads\/2023\/12\/2023-12-03_illuminations-Noel-Paris-6-1320x990.jpg 1320w\" data-sizes=\"(max-width: 1365px) 100vw, 1365px\" src=\"data:image\/svg+xml;base64,PHN2ZyB3aWR0aD0iMSIgaGVpZ2h0PSIxIiB4bWxucz0iaHR0cDovL3d3dy53My5vcmcvMjAwMC9zdmciPjwvc3ZnPg==\" style=\"--smush-placeholder-width: 1365px; --smush-placeholder-aspect-ratio: 1365\/1024;\" \/><\/figure>\n\n\n\n<figure class=\"wp-block-image size-large\"><img decoding=\"async\" width=\"1365\" height=\"1024\" data-id=\"6024\" data-src=\"https:\/\/www.randeaubonne.fr\/wp-content\/uploads\/2023\/12\/2023-12-03_illuminations-Noel-Paris-8-1365x1024.jpg\" alt=\"\" class=\"wp-image-6024 lazyload\" data-srcset=\"https:\/\/www.randeaubonne.fr\/wp-content\/uploads\/2023\/12\/2023-12-03_illuminations-Noel-Paris-8-1365x1024.jpg 1365w, https:\/\/www.randeaubonne.fr\/wp-content\/uploads\/2023\/12\/2023-12-03_illuminations-Noel-Paris-8-400x300.jpg 400w, https:\/\/www.randeaubonne.fr\/wp-content\/uploads\/2023\/12\/2023-12-03_illuminations-Noel-Paris-8-768x576.jpg 768w, https:\/\/www.randeaubonne.fr\/wp-content\/uploads\/2023\/12\/2023-12-03_illuminations-Noel-Paris-8-1536x1152.jpg 1536w, https:\/\/www.randeaubonne.fr\/wp-content\/uploads\/2023\/12\/2023-12-03_illuminations-Noel-Paris-8-2048x1536.jpg 2048w, https:\/\/www.randeaubonne.fr\/wp-content\/uploads\/2023\/12\/2023-12-03_illuminations-Noel-Paris-8-1320x990.jpg 1320w\" data-sizes=\"(max-width: 1365px) 100vw, 1365px\" src=\"data:image\/svg+xml;base64,PHN2ZyB3aWR0aD0iMSIgaGVpZ2h0PSIxIiB4bWxucz0iaHR0cDovL3d3dy53My5vcmcvMjAwMC9zdmciPjwvc3ZnPg==\" style=\"--smush-placeholder-width: 1365px; --smush-placeholder-aspect-ratio: 1365\/1024;\" \/><\/figure>\n\n\n\n<figure class=\"wp-block-image size-large\"><img decoding=\"async\" width=\"768\" height=\"1024\" data-id=\"6025\" data-src=\"https:\/\/www.randeaubonne.fr\/wp-content\/uploads\/2023\/12\/2023-12-03_illuminations-Noel-Paris-7-edited-768x1024.jpg\" alt=\"\" class=\"wp-image-6025 lazyload\" data-srcset=\"https:\/\/www.randeaubonne.fr\/wp-content\/uploads\/2023\/12\/2023-12-03_illuminations-Noel-Paris-7-edited-768x1024.jpg 768w, https:\/\/www.randeaubonne.fr\/wp-content\/uploads\/2023\/12\/2023-12-03_illuminations-Noel-Paris-7-edited-225x300.jpg 225w, https:\/\/www.randeaubonne.fr\/wp-content\/uploads\/2023\/12\/2023-12-03_illuminations-Noel-Paris-7-edited-1152x1536.jpg 1152w, https:\/\/www.randeaubonne.fr\/wp-content\/uploads\/2023\/12\/2023-12-03_illuminations-Noel-Paris-7-edited-1536x2048.jpg 1536w, https:\/\/www.randeaubonne.fr\/wp-content\/uploads\/2023\/12\/2023-12-03_illuminations-Noel-Paris-7-edited-1320x1760.jpg 1320w, https:\/\/www.randeaubonne.fr\/wp-content\/uploads\/2023\/12\/2023-12-03_illuminations-Noel-Paris-7-edited-scaled.jpg 1920w\" data-sizes=\"(max-width: 768px) 100vw, 768px\" src=\"data:image\/svg+xml;base64,PHN2ZyB3aWR0aD0iMSIgaGVpZ2h0PSIxIiB4bWxucz0iaHR0cDovL3d3dy53My5vcmcvMjAwMC9zdmciPjwvc3ZnPg==\" style=\"--smush-placeholder-width: 768px; --smush-placeholder-aspect-ratio: 768\/1024;\" \/><\/figure>\n\n\n\n<figure class=\"wp-block-image size-large\"><img decoding=\"async\" width=\"768\" height=\"1024\" data-id=\"6018\" data-src=\"https:\/\/www.randeaubonne.fr\/wp-content\/uploads\/2023\/12\/2023-12-03_illuminations-Noel-Paris-4-edited-768x1024.jpg\" alt=\"\" class=\"wp-image-6018 lazyload\" data-srcset=\"https:\/\/www.randeaubonne.fr\/wp-content\/uploads\/2023\/12\/2023-12-03_illuminations-Noel-Paris-4-edited-768x1024.jpg 768w, https:\/\/www.randeaubonne.fr\/wp-content\/uploads\/2023\/12\/2023-12-03_illuminations-Noel-Paris-4-edited-225x300.jpg 225w, https:\/\/www.randeaubonne.fr\/wp-content\/uploads\/2023\/12\/2023-12-03_illuminations-Noel-Paris-4-edited-1152x1536.jpg 1152w, https:\/\/www.randeaubonne.fr\/wp-content\/uploads\/2023\/12\/2023-12-03_illuminations-Noel-Paris-4-edited-1536x2048.jpg 1536w, https:\/\/www.randeaubonne.fr\/wp-content\/uploads\/2023\/12\/2023-12-03_illuminations-Noel-Paris-4-edited-1320x1760.jpg 1320w, https:\/\/www.randeaubonne.fr\/wp-content\/uploads\/2023\/12\/2023-12-03_illuminations-Noel-Paris-4-edited-scaled.jpg 1920w\" data-sizes=\"(max-width: 768px) 100vw, 768px\" src=\"data:image\/svg+xml;base64,PHN2ZyB3aWR0aD0iMSIgaGVpZ2h0PSIxIiB4bWxucz0iaHR0cDovL3d3dy53My5vcmcvMjAwMC9zdmciPjwvc3ZnPg==\" style=\"--smush-placeholder-width: 768px; --smush-placeholder-aspect-ratio: 768\/1024;\" \/><\/figure>\n<\/figure>\n","protected":false},"excerpt":{"rendered":"","protected":false},"author":3,"featured_media":0,"comment_status":"closed","ping_status":"open","sticky":false,"template":"","format":"standard","meta":{"footnotes":""},"categories":[1],"tags":[],"class_list":["post-6010","post","type-post","status-publish","format-standard","hentry","category-non-classe"],"yoast_head":"<!-- This site is optimized with the Yoast SEO plugin v26.7 - https:\/\/yoast.com\/wordpress\/plugins\/seo\/ -->\n<title>Visite de la Cit\u00e9 de l&#039;architecture et du patrimoine + illuminations de No\u00ebl \u00e0 Paris, dimanche 3 d\u00e9cembre 2023 (photos l\u00e9gend\u00e9es) - Randeaubonne<\/title>\n<meta name=\"robots\" content=\"noindex, follow\" \/>\n<meta property=\"og:locale\" content=\"fr_FR\" \/>\n<meta property=\"og:type\" content=\"article\" \/>\n<meta property=\"og:title\" content=\"Visite de la Cit\u00e9 de l&#039;architecture et du patrimoine + illuminations de No\u00ebl \u00e0 Paris, dimanche 3 d\u00e9cembre 2023 (photos l\u00e9gend\u00e9es) - Randeaubonne\" \/>\n<meta property=\"og:url\" content=\"https:\/\/www.randeaubonne.fr\/index.php\/2023\/12\/05\/visite-de-la-cite-de-larchitecture-et-du-patrimoine-illuminations-de-noel-a-paris-dimanche-3-decembre-2023-photos-legendees\/\" \/>\n<meta property=\"og:site_name\" content=\"Randeaubonne\" \/>\n<meta property=\"article:published_time\" content=\"2023-12-05T22:18:15+00:00\" \/>\n<meta property=\"article:modified_time\" content=\"2026-02-26T09:56:31+00:00\" \/>\n<meta property=\"og:image\" content=\"https:\/\/www.randeaubonne.fr\/wp-content\/uploads\/2023\/12\/2023-12-03_Cite-architecture-1-edited-scaled.jpg\" \/>\n\t<meta property=\"og:image:width\" content=\"1920\" \/>\n\t<meta property=\"og:image:height\" content=\"2560\" \/>\n\t<meta property=\"og:image:type\" content=\"image\/jpeg\" \/>\n<meta name=\"author\" content=\"Admin\" \/>\n<meta name=\"twitter:card\" content=\"summary_large_image\" \/>\n<meta name=\"twitter:label1\" content=\"\u00c9crit par\" \/>\n\t<meta name=\"twitter:data1\" content=\"Admin\" \/>\n\t<meta name=\"twitter:label2\" content=\"Dur\u00e9e de lecture estim\u00e9e\" \/>\n\t<meta name=\"twitter:data2\" content=\"6 minutes\" \/>\n<script type=\"application\/ld+json\" class=\"yoast-schema-graph\">{\"@context\":\"https:\/\/schema.org\",\"@graph\":[{\"@type\":\"Article\",\"@id\":\"https:\/\/www.randeaubonne.fr\/index.php\/2023\/12\/05\/visite-de-la-cite-de-larchitecture-et-du-patrimoine-illuminations-de-noel-a-paris-dimanche-3-decembre-2023-photos-legendees\/#article\",\"isPartOf\":{\"@id\":\"https:\/\/www.randeaubonne.fr\/index.php\/2023\/12\/05\/visite-de-la-cite-de-larchitecture-et-du-patrimoine-illuminations-de-noel-a-paris-dimanche-3-decembre-2023-photos-legendees\/\"},\"author\":{\"name\":\"Admin\",\"@id\":\"https:\/\/www.randeaubonne.fr\/#\/schema\/person\/fd1a97fe48e198ac885260fe5b51cd6f\"},\"headline\":\"Visite de la Cit\u00e9 de l&rsquo;architecture et du patrimoine + illuminations de No\u00ebl \u00e0 Paris, dimanche 3 d\u00e9cembre 2023 (photos l\u00e9gend\u00e9es)\",\"datePublished\":\"2023-12-05T22:18:15+00:00\",\"dateModified\":\"2026-02-26T09:56:31+00:00\",\"mainEntityOfPage\":{\"@id\":\"https:\/\/www.randeaubonne.fr\/index.php\/2023\/12\/05\/visite-de-la-cite-de-larchitecture-et-du-patrimoine-illuminations-de-noel-a-paris-dimanche-3-decembre-2023-photos-legendees\/\"},\"wordCount\":136,\"publisher\":{\"@id\":\"https:\/\/www.randeaubonne.fr\/#organization\"},\"image\":{\"@id\":\"https:\/\/www.randeaubonne.fr\/index.php\/2023\/12\/05\/visite-de-la-cite-de-larchitecture-et-du-patrimoine-illuminations-de-noel-a-paris-dimanche-3-decembre-2023-photos-legendees\/#primaryimage\"},\"thumbnailUrl\":\"https:\/\/www.randeaubonne.fr\/wp-content\/uploads\/2023\/12\/2023-12-03_Cite-architecture-1-edited-scaled.jpg\",\"inLanguage\":\"fr-FR\"},{\"@type\":\"WebPage\",\"@id\":\"https:\/\/www.randeaubonne.fr\/index.php\/2023\/12\/05\/visite-de-la-cite-de-larchitecture-et-du-patrimoine-illuminations-de-noel-a-paris-dimanche-3-decembre-2023-photos-legendees\/\",\"url\":\"https:\/\/www.randeaubonne.fr\/index.php\/2023\/12\/05\/visite-de-la-cite-de-larchitecture-et-du-patrimoine-illuminations-de-noel-a-paris-dimanche-3-decembre-2023-photos-legendees\/\",\"name\":\"Visite de la Cit\u00e9 de l'architecture et du patrimoine + illuminations de No\u00ebl \u00e0 Paris, dimanche 3 d\u00e9cembre 2023 (photos l\u00e9gend\u00e9es) - Randeaubonne\",\"isPartOf\":{\"@id\":\"https:\/\/www.randeaubonne.fr\/#website\"},\"primaryImageOfPage\":{\"@id\":\"https:\/\/www.randeaubonne.fr\/index.php\/2023\/12\/05\/visite-de-la-cite-de-larchitecture-et-du-patrimoine-illuminations-de-noel-a-paris-dimanche-3-decembre-2023-photos-legendees\/#primaryimage\"},\"image\":{\"@id\":\"https:\/\/www.randeaubonne.fr\/index.php\/2023\/12\/05\/visite-de-la-cite-de-larchitecture-et-du-patrimoine-illuminations-de-noel-a-paris-dimanche-3-decembre-2023-photos-legendees\/#primaryimage\"},\"thumbnailUrl\":\"https:\/\/www.randeaubonne.fr\/wp-content\/uploads\/2023\/12\/2023-12-03_Cite-architecture-1-edited-scaled.jpg\",\"datePublished\":\"2023-12-05T22:18:15+00:00\",\"dateModified\":\"2026-02-26T09:56:31+00:00\",\"breadcrumb\":{\"@id\":\"https:\/\/www.randeaubonne.fr\/index.php\/2023\/12\/05\/visite-de-la-cite-de-larchitecture-et-du-patrimoine-illuminations-de-noel-a-paris-dimanche-3-decembre-2023-photos-legendees\/#breadcrumb\"},\"inLanguage\":\"fr-FR\",\"potentialAction\":[{\"@type\":\"ReadAction\",\"target\":[\"https:\/\/www.randeaubonne.fr\/index.php\/2023\/12\/05\/visite-de-la-cite-de-larchitecture-et-du-patrimoine-illuminations-de-noel-a-paris-dimanche-3-decembre-2023-photos-legendees\/\"]}]},{\"@type\":\"ImageObject\",\"inLanguage\":\"fr-FR\",\"@id\":\"https:\/\/www.randeaubonne.fr\/index.php\/2023\/12\/05\/visite-de-la-cite-de-larchitecture-et-du-patrimoine-illuminations-de-noel-a-paris-dimanche-3-decembre-2023-photos-legendees\/#primaryimage\",\"url\":\"https:\/\/www.randeaubonne.fr\/wp-content\/uploads\/2023\/12\/2023-12-03_Cite-architecture-1-edited-scaled.jpg\",\"contentUrl\":\"https:\/\/www.randeaubonne.fr\/wp-content\/uploads\/2023\/12\/2023-12-03_Cite-architecture-1-edited-scaled.jpg\",\"width\":1920,\"height\":2560},{\"@type\":\"BreadcrumbList\",\"@id\":\"https:\/\/www.randeaubonne.fr\/index.php\/2023\/12\/05\/visite-de-la-cite-de-larchitecture-et-du-patrimoine-illuminations-de-noel-a-paris-dimanche-3-decembre-2023-photos-legendees\/#breadcrumb\",\"itemListElement\":[{\"@type\":\"ListItem\",\"position\":1,\"name\":\"Accueil\",\"item\":\"https:\/\/www.randeaubonne.fr\/\"},{\"@type\":\"ListItem\",\"position\":2,\"name\":\"Visite de la Cit\u00e9 de l&rsquo;architecture et du patrimoine + illuminations de No\u00ebl \u00e0 Paris, dimanche 3 d\u00e9cembre 2023 (photos l\u00e9gend\u00e9es)\"}]},{\"@type\":\"WebSite\",\"@id\":\"https:\/\/www.randeaubonne.fr\/#website\",\"url\":\"https:\/\/www.randeaubonne.fr\/\",\"name\":\"Randeaubonne\",\"description\":\"La convivialit\u00e9 et la bonne humeur sont notre priorit\u00e9 !\",\"publisher\":{\"@id\":\"https:\/\/www.randeaubonne.fr\/#organization\"},\"potentialAction\":[{\"@type\":\"SearchAction\",\"target\":{\"@type\":\"EntryPoint\",\"urlTemplate\":\"https:\/\/www.randeaubonne.fr\/?s={search_term_string}\"},\"query-input\":{\"@type\":\"PropertyValueSpecification\",\"valueRequired\":true,\"valueName\":\"search_term_string\"}}],\"inLanguage\":\"fr-FR\"},{\"@type\":\"Organization\",\"@id\":\"https:\/\/www.randeaubonne.fr\/#organization\",\"name\":\"Randeaubonne\",\"url\":\"https:\/\/www.randeaubonne.fr\/\",\"logo\":{\"@type\":\"ImageObject\",\"inLanguage\":\"fr-FR\",\"@id\":\"https:\/\/www.randeaubonne.fr\/#\/schema\/logo\/image\/\",\"url\":\"https:\/\/www.randeaubonne.fr\/wp-content\/uploads\/2021\/10\/cropped-logo-randeaubonne-site.png\",\"contentUrl\":\"https:\/\/www.randeaubonne.fr\/wp-content\/uploads\/2021\/10\/cropped-logo-randeaubonne-site.png\",\"width\":215,\"height\":211,\"caption\":\"Randeaubonne\"},\"image\":{\"@id\":\"https:\/\/www.randeaubonne.fr\/#\/schema\/logo\/image\/\"}},{\"@type\":\"Person\",\"@id\":\"https:\/\/www.randeaubonne.fr\/#\/schema\/person\/fd1a97fe48e198ac885260fe5b51cd6f\",\"name\":\"Admin\",\"image\":{\"@type\":\"ImageObject\",\"inLanguage\":\"fr-FR\",\"@id\":\"https:\/\/www.randeaubonne.fr\/#\/schema\/person\/image\/\",\"url\":\"https:\/\/secure.gravatar.com\/avatar\/b341dba5d08b12a5f67536cde7f3b104067a60b7a672e68d56a0be4ab4d13045?s=96&d=blank&r=g\",\"contentUrl\":\"https:\/\/secure.gravatar.com\/avatar\/b341dba5d08b12a5f67536cde7f3b104067a60b7a672e68d56a0be4ab4d13045?s=96&d=blank&r=g\",\"caption\":\"Admin\"},\"url\":\"https:\/\/www.randeaubonne.fr\/index.php\/author\/adminrandeaubonne\/\"}]}<\/script>\n<!-- \/ Yoast SEO plugin. -->","yoast_head_json":{"title":"Visite de la Cit\u00e9 de l'architecture et du patrimoine + illuminations de No\u00ebl \u00e0 Paris, dimanche 3 d\u00e9cembre 2023 (photos l\u00e9gend\u00e9es) - Randeaubonne","robots":{"index":"noindex","follow":"follow"},"og_locale":"fr_FR","og_type":"article","og_title":"Visite de la Cit\u00e9 de l'architecture et du patrimoine + illuminations de No\u00ebl \u00e0 Paris, dimanche 3 d\u00e9cembre 2023 (photos l\u00e9gend\u00e9es) - Randeaubonne","og_url":"https:\/\/www.randeaubonne.fr\/index.php\/2023\/12\/05\/visite-de-la-cite-de-larchitecture-et-du-patrimoine-illuminations-de-noel-a-paris-dimanche-3-decembre-2023-photos-legendees\/","og_site_name":"Randeaubonne","article_published_time":"2023-12-05T22:18:15+00:00","article_modified_time":"2026-02-26T09:56:31+00:00","og_image":[{"width":1920,"height":2560,"url":"https:\/\/www.randeaubonne.fr\/wp-content\/uploads\/2023\/12\/2023-12-03_Cite-architecture-1-edited-scaled.jpg","type":"image\/jpeg"}],"author":"Admin","twitter_card":"summary_large_image","twitter_misc":{"\u00c9crit par":"Admin","Dur\u00e9e de lecture estim\u00e9e":"6 minutes"},"schema":{"@context":"https:\/\/schema.org","@graph":[{"@type":"Article","@id":"https:\/\/www.randeaubonne.fr\/index.php\/2023\/12\/05\/visite-de-la-cite-de-larchitecture-et-du-patrimoine-illuminations-de-noel-a-paris-dimanche-3-decembre-2023-photos-legendees\/#article","isPartOf":{"@id":"https:\/\/www.randeaubonne.fr\/index.php\/2023\/12\/05\/visite-de-la-cite-de-larchitecture-et-du-patrimoine-illuminations-de-noel-a-paris-dimanche-3-decembre-2023-photos-legendees\/"},"author":{"name":"Admin","@id":"https:\/\/www.randeaubonne.fr\/#\/schema\/person\/fd1a97fe48e198ac885260fe5b51cd6f"},"headline":"Visite de la Cit\u00e9 de l&rsquo;architecture et du patrimoine + illuminations de No\u00ebl \u00e0 Paris, dimanche 3 d\u00e9cembre 2023 (photos l\u00e9gend\u00e9es)","datePublished":"2023-12-05T22:18:15+00:00","dateModified":"2026-02-26T09:56:31+00:00","mainEntityOfPage":{"@id":"https:\/\/www.randeaubonne.fr\/index.php\/2023\/12\/05\/visite-de-la-cite-de-larchitecture-et-du-patrimoine-illuminations-de-noel-a-paris-dimanche-3-decembre-2023-photos-legendees\/"},"wordCount":136,"publisher":{"@id":"https:\/\/www.randeaubonne.fr\/#organization"},"image":{"@id":"https:\/\/www.randeaubonne.fr\/index.php\/2023\/12\/05\/visite-de-la-cite-de-larchitecture-et-du-patrimoine-illuminations-de-noel-a-paris-dimanche-3-decembre-2023-photos-legendees\/#primaryimage"},"thumbnailUrl":"https:\/\/www.randeaubonne.fr\/wp-content\/uploads\/2023\/12\/2023-12-03_Cite-architecture-1-edited-scaled.jpg","inLanguage":"fr-FR"},{"@type":"WebPage","@id":"https:\/\/www.randeaubonne.fr\/index.php\/2023\/12\/05\/visite-de-la-cite-de-larchitecture-et-du-patrimoine-illuminations-de-noel-a-paris-dimanche-3-decembre-2023-photos-legendees\/","url":"https:\/\/www.randeaubonne.fr\/index.php\/2023\/12\/05\/visite-de-la-cite-de-larchitecture-et-du-patrimoine-illuminations-de-noel-a-paris-dimanche-3-decembre-2023-photos-legendees\/","name":"Visite de la Cit\u00e9 de l'architecture et du patrimoine + illuminations de No\u00ebl \u00e0 Paris, dimanche 3 d\u00e9cembre 2023 (photos l\u00e9gend\u00e9es) - Randeaubonne","isPartOf":{"@id":"https:\/\/www.randeaubonne.fr\/#website"},"primaryImageOfPage":{"@id":"https:\/\/www.randeaubonne.fr\/index.php\/2023\/12\/05\/visite-de-la-cite-de-larchitecture-et-du-patrimoine-illuminations-de-noel-a-paris-dimanche-3-decembre-2023-photos-legendees\/#primaryimage"},"image":{"@id":"https:\/\/www.randeaubonne.fr\/index.php\/2023\/12\/05\/visite-de-la-cite-de-larchitecture-et-du-patrimoine-illuminations-de-noel-a-paris-dimanche-3-decembre-2023-photos-legendees\/#primaryimage"},"thumbnailUrl":"https:\/\/www.randeaubonne.fr\/wp-content\/uploads\/2023\/12\/2023-12-03_Cite-architecture-1-edited-scaled.jpg","datePublished":"2023-12-05T22:18:15+00:00","dateModified":"2026-02-26T09:56:31+00:00","breadcrumb":{"@id":"https:\/\/www.randeaubonne.fr\/index.php\/2023\/12\/05\/visite-de-la-cite-de-larchitecture-et-du-patrimoine-illuminations-de-noel-a-paris-dimanche-3-decembre-2023-photos-legendees\/#breadcrumb"},"inLanguage":"fr-FR","potentialAction":[{"@type":"ReadAction","target":["https:\/\/www.randeaubonne.fr\/index.php\/2023\/12\/05\/visite-de-la-cite-de-larchitecture-et-du-patrimoine-illuminations-de-noel-a-paris-dimanche-3-decembre-2023-photos-legendees\/"]}]},{"@type":"ImageObject","inLanguage":"fr-FR","@id":"https:\/\/www.randeaubonne.fr\/index.php\/2023\/12\/05\/visite-de-la-cite-de-larchitecture-et-du-patrimoine-illuminations-de-noel-a-paris-dimanche-3-decembre-2023-photos-legendees\/#primaryimage","url":"https:\/\/www.randeaubonne.fr\/wp-content\/uploads\/2023\/12\/2023-12-03_Cite-architecture-1-edited-scaled.jpg","contentUrl":"https:\/\/www.randeaubonne.fr\/wp-content\/uploads\/2023\/12\/2023-12-03_Cite-architecture-1-edited-scaled.jpg","width":1920,"height":2560},{"@type":"BreadcrumbList","@id":"https:\/\/www.randeaubonne.fr\/index.php\/2023\/12\/05\/visite-de-la-cite-de-larchitecture-et-du-patrimoine-illuminations-de-noel-a-paris-dimanche-3-decembre-2023-photos-legendees\/#breadcrumb","itemListElement":[{"@type":"ListItem","position":1,"name":"Accueil","item":"https:\/\/www.randeaubonne.fr\/"},{"@type":"ListItem","position":2,"name":"Visite de la Cit\u00e9 de l&rsquo;architecture et du patrimoine + illuminations de No\u00ebl \u00e0 Paris, dimanche 3 d\u00e9cembre 2023 (photos l\u00e9gend\u00e9es)"}]},{"@type":"WebSite","@id":"https:\/\/www.randeaubonne.fr\/#website","url":"https:\/\/www.randeaubonne.fr\/","name":"Randeaubonne","description":"La convivialit\u00e9 et la bonne humeur sont notre priorit\u00e9 !","publisher":{"@id":"https:\/\/www.randeaubonne.fr\/#organization"},"potentialAction":[{"@type":"SearchAction","target":{"@type":"EntryPoint","urlTemplate":"https:\/\/www.randeaubonne.fr\/?s={search_term_string}"},"query-input":{"@type":"PropertyValueSpecification","valueRequired":true,"valueName":"search_term_string"}}],"inLanguage":"fr-FR"},{"@type":"Organization","@id":"https:\/\/www.randeaubonne.fr\/#organization","name":"Randeaubonne","url":"https:\/\/www.randeaubonne.fr\/","logo":{"@type":"ImageObject","inLanguage":"fr-FR","@id":"https:\/\/www.randeaubonne.fr\/#\/schema\/logo\/image\/","url":"https:\/\/www.randeaubonne.fr\/wp-content\/uploads\/2021\/10\/cropped-logo-randeaubonne-site.png","contentUrl":"https:\/\/www.randeaubonne.fr\/wp-content\/uploads\/2021\/10\/cropped-logo-randeaubonne-site.png","width":215,"height":211,"caption":"Randeaubonne"},"image":{"@id":"https:\/\/www.randeaubonne.fr\/#\/schema\/logo\/image\/"}},{"@type":"Person","@id":"https:\/\/www.randeaubonne.fr\/#\/schema\/person\/fd1a97fe48e198ac885260fe5b51cd6f","name":"Admin","image":{"@type":"ImageObject","inLanguage":"fr-FR","@id":"https:\/\/www.randeaubonne.fr\/#\/schema\/person\/image\/","url":"https:\/\/secure.gravatar.com\/avatar\/b341dba5d08b12a5f67536cde7f3b104067a60b7a672e68d56a0be4ab4d13045?s=96&d=blank&r=g","contentUrl":"https:\/\/secure.gravatar.com\/avatar\/b341dba5d08b12a5f67536cde7f3b104067a60b7a672e68d56a0be4ab4d13045?s=96&d=blank&r=g","caption":"Admin"},"url":"https:\/\/www.randeaubonne.fr\/index.php\/author\/adminrandeaubonne\/"}]}},"_links":{"self":[{"href":"https:\/\/www.randeaubonne.fr\/index.php\/wp-json\/wp\/v2\/posts\/6010","targetHints":{"allow":["GET"]}}],"collection":[{"href":"https:\/\/www.randeaubonne.fr\/index.php\/wp-json\/wp\/v2\/posts"}],"about":[{"href":"https:\/\/www.randeaubonne.fr\/index.php\/wp-json\/wp\/v2\/types\/post"}],"author":[{"embeddable":true,"href":"https:\/\/www.randeaubonne.fr\/index.php\/wp-json\/wp\/v2\/users\/3"}],"replies":[{"embeddable":true,"href":"https:\/\/www.randeaubonne.fr\/index.php\/wp-json\/wp\/v2\/comments?post=6010"}],"version-history":[{"count":2,"href":"https:\/\/www.randeaubonne.fr\/index.php\/wp-json\/wp\/v2\/posts\/6010\/revisions"}],"predecessor-version":[{"id":6026,"href":"https:\/\/www.randeaubonne.fr\/index.php\/wp-json\/wp\/v2\/posts\/6010\/revisions\/6026"}],"wp:attachment":[{"href":"https:\/\/www.randeaubonne.fr\/index.php\/wp-json\/wp\/v2\/media?parent=6010"}],"wp:term":[{"taxonomy":"category","embeddable":true,"href":"https:\/\/www.randeaubonne.fr\/index.php\/wp-json\/wp\/v2\/categories?post=6010"},{"taxonomy":"post_tag","embeddable":true,"href":"https:\/\/www.randeaubonne.fr\/index.php\/wp-json\/wp\/v2\/tags?post=6010"}],"curies":[{"name":"wp","href":"https:\/\/api.w.org\/{rel}","templated":true}]}}