{"id":3346,"date":"2022-09-03T21:22:31","date_gmt":"2022-09-03T19:22:31","guid":{"rendered":"https:\/\/www.randeaubonne.fr\/?p=3346"},"modified":"2022-09-21T18:06:08","modified_gmt":"2022-09-21T16:06:08","slug":"samedi-17-et-dimanche-18-septembre-de-13-h-00-a-18-h-00-journees-europeennes-reviennent-au-chateau-de-la-chasse","status":"publish","type":"post","link":"https:\/\/www.randeaubonne.fr\/index.php\/2022\/09\/03\/samedi-17-et-dimanche-18-septembre-de-13-h-00-a-18-h-00-journees-europeennes-reviennent-au-chateau-de-la-chasse\/","title":{"rendered":"Samedi 17 et Dimanche 18\/9\/2022 de 13 h 00 \u00e0 18 h 00 : Les journ\u00e9es europ\u00e9ennes reviennent au ch\u00e2teau de la chasse !"},"content":{"rendered":"\n<p>Bonjour \u00e0 tous,<\/p>\n\n\n\n<p>Le samedi 17 et dimanche 18 septembre, de 13h \u00e0 18h, venez rencontrer des forestiers et des artistes qui vivent la for\u00eat \u00e0 l\u2019occasion des journ\u00e9es europ\u00e9ennes du patrimoine !<\/p>\n\n\n\n<p>Au programme :<\/p>\n\n\n\n<ul class=\"wp-block-list\"><li>Tourn\u00e9e terrain \u00e0 14h : Gestion foresti\u00e8re et crise sanitaire. Les forestiers sur le front face \u00e0 la maladie de l&rsquo;encre du ch\u00e2taignier.<\/li><li>Jeux p\u00e9dagogiques et stand ONF &#8211; Activit\u00e9 en continu de 13h \u00e0 17h.<\/li><li>Exposition de peintures &amp; sculptures &#8211; La for\u00eat de Montmorency dans tous ses \u00e9tats !<\/li><li>Concert Pop\/Rock \u00e0 partir de 16h30.<\/li><\/ul>\n\n\n\n<p>Plus de d\u00e9tails&nbsp;ici&nbsp;: <a href=\"https:\/\/www.onf.fr\/vivre-la-foret\/+\/174f::journees-europeennes-du-patrimoine-foret-et-cultures-vivantes-en-foret-de-montmorency.html\" target=\"_blank\" rel=\"noreferrer noopener\">https:\/\/www.onf.fr\/vivre-la-foret\/+\/174f::journees-europeennes-du-patrimoine-foret-et-cultures-vivantes-en-foret-de-montmorency.html<\/a><\/p>\n\n\n\n<div class=\"wp-block-pdfjsblock-pdfjs-embed pdfjs-wrapper\"><\/div>\n","protected":false},"excerpt":{"rendered":"<p>Bonjour \u00e0 tous, Le samedi 17 et dimanche 18 septembre, de 13h \u00e0 18h, venez rencontrer des forestiers et des artistes qui vivent la for\u00eat \u00e0 l\u2019occasion des journ\u00e9es europ\u00e9ennes du patrimoine ! Au programme : Tourn\u00e9e terrain \u00e0 14h : Gestion foresti\u00e8re et crise sanitaire. Les forestiers sur le front face \u00e0 la maladie [&hellip;]<\/p>\n","protected":false},"author":3,"featured_media":0,"comment_status":"closed","ping_status":"open","sticky":false,"template":"","format":"standard","meta":{"footnotes":""},"categories":[1],"tags":[],"class_list":["post-3346","post","type-post","status-publish","format-standard","hentry","category-non-classe"],"yoast_head":"<!-- This site is optimized with the Yoast SEO plugin v26.7 - https:\/\/yoast.com\/wordpress\/plugins\/seo\/ -->\n<title>Samedi 17 et Dimanche 18\/9\/2022 de 13 h 00 \u00e0 18 h 00 : Les journ\u00e9es europ\u00e9ennes reviennent au ch\u00e2teau de la chasse ! - Randeaubonne<\/title>\n<meta name=\"robots\" content=\"noindex, follow\" \/>\n<meta property=\"og:locale\" content=\"fr_FR\" \/>\n<meta property=\"og:type\" content=\"article\" \/>\n<meta property=\"og:title\" content=\"Samedi 17 et Dimanche 18\/9\/2022 de 13 h 00 \u00e0 18 h 00 : Les journ\u00e9es europ\u00e9ennes reviennent au ch\u00e2teau de la chasse ! - Randeaubonne\" \/>\n<meta property=\"og:description\" content=\"Bonjour \u00e0 tous, Le samedi 17 et dimanche 18 septembre, de 13h \u00e0 18h, venez rencontrer des forestiers et des artistes qui vivent la for\u00eat \u00e0 l\u2019occasion des journ\u00e9es europ\u00e9ennes du patrimoine ! Au programme : Tourn\u00e9e terrain \u00e0 14h : Gestion foresti\u00e8re et crise sanitaire. Les forestiers sur le front face \u00e0 la maladie [&hellip;]\" \/>\n<meta property=\"og:url\" content=\"https:\/\/www.randeaubonne.fr\/index.php\/2022\/09\/03\/samedi-17-et-dimanche-18-septembre-de-13-h-00-a-18-h-00-journees-europeennes-reviennent-au-chateau-de-la-chasse\/\" \/>\n<meta property=\"og:site_name\" content=\"Randeaubonne\" \/>\n<meta property=\"article:published_time\" content=\"2022-09-03T19:22:31+00:00\" \/>\n<meta property=\"article:modified_time\" content=\"2022-09-21T16:06:08+00:00\" \/>\n<meta name=\"author\" content=\"Admin\" \/>\n<meta name=\"twitter:card\" content=\"summary_large_image\" \/>\n<meta name=\"twitter:label1\" content=\"\u00c9crit par\" \/>\n\t<meta name=\"twitter:data1\" content=\"Admin\" \/>\n\t<meta name=\"twitter:label2\" content=\"Dur\u00e9e de lecture estim\u00e9e\" \/>\n\t<meta name=\"twitter:data2\" content=\"1 minute\" \/>\n<script type=\"application\/ld+json\" class=\"yoast-schema-graph\">{\"@context\":\"https:\/\/schema.org\",\"@graph\":[{\"@type\":\"Article\",\"@id\":\"https:\/\/www.randeaubonne.fr\/index.php\/2022\/09\/03\/samedi-17-et-dimanche-18-septembre-de-13-h-00-a-18-h-00-journees-europeennes-reviennent-au-chateau-de-la-chasse\/#article\",\"isPartOf\":{\"@id\":\"https:\/\/www.randeaubonne.fr\/index.php\/2022\/09\/03\/samedi-17-et-dimanche-18-septembre-de-13-h-00-a-18-h-00-journees-europeennes-reviennent-au-chateau-de-la-chasse\/\"},\"author\":{\"name\":\"Admin\",\"@id\":\"https:\/\/www.randeaubonne.fr\/#\/schema\/person\/fd1a97fe48e198ac885260fe5b51cd6f\"},\"headline\":\"Samedi 17 et Dimanche 18\/9\/2022 de 13 h 00 \u00e0 18 h 00 : Les journ\u00e9es europ\u00e9ennes reviennent au ch\u00e2teau de la chasse !\",\"datePublished\":\"2022-09-03T19:22:31+00:00\",\"dateModified\":\"2022-09-21T16:06:08+00:00\",\"mainEntityOfPage\":{\"@id\":\"https:\/\/www.randeaubonne.fr\/index.php\/2022\/09\/03\/samedi-17-et-dimanche-18-septembre-de-13-h-00-a-18-h-00-journees-europeennes-reviennent-au-chateau-de-la-chasse\/\"},\"wordCount\":168,\"publisher\":{\"@id\":\"https:\/\/www.randeaubonne.fr\/#organization\"},\"inLanguage\":\"fr-FR\"},{\"@type\":\"WebPage\",\"@id\":\"https:\/\/www.randeaubonne.fr\/index.php\/2022\/09\/03\/samedi-17-et-dimanche-18-septembre-de-13-h-00-a-18-h-00-journees-europeennes-reviennent-au-chateau-de-la-chasse\/\",\"url\":\"https:\/\/www.randeaubonne.fr\/index.php\/2022\/09\/03\/samedi-17-et-dimanche-18-septembre-de-13-h-00-a-18-h-00-journees-europeennes-reviennent-au-chateau-de-la-chasse\/\",\"name\":\"Samedi 17 et Dimanche 18\/9\/2022 de 13 h 00 \u00e0 18 h 00 : Les journ\u00e9es europ\u00e9ennes reviennent au ch\u00e2teau de la chasse ! - Randeaubonne\",\"isPartOf\":{\"@id\":\"https:\/\/www.randeaubonne.fr\/#website\"},\"datePublished\":\"2022-09-03T19:22:31+00:00\",\"dateModified\":\"2022-09-21T16:06:08+00:00\",\"breadcrumb\":{\"@id\":\"https:\/\/www.randeaubonne.fr\/index.php\/2022\/09\/03\/samedi-17-et-dimanche-18-septembre-de-13-h-00-a-18-h-00-journees-europeennes-reviennent-au-chateau-de-la-chasse\/#breadcrumb\"},\"inLanguage\":\"fr-FR\",\"potentialAction\":[{\"@type\":\"ReadAction\",\"target\":[\"https:\/\/www.randeaubonne.fr\/index.php\/2022\/09\/03\/samedi-17-et-dimanche-18-septembre-de-13-h-00-a-18-h-00-journees-europeennes-reviennent-au-chateau-de-la-chasse\/\"]}]},{\"@type\":\"BreadcrumbList\",\"@id\":\"https:\/\/www.randeaubonne.fr\/index.php\/2022\/09\/03\/samedi-17-et-dimanche-18-septembre-de-13-h-00-a-18-h-00-journees-europeennes-reviennent-au-chateau-de-la-chasse\/#breadcrumb\",\"itemListElement\":[{\"@type\":\"ListItem\",\"position\":1,\"name\":\"Accueil\",\"item\":\"https:\/\/www.randeaubonne.fr\/\"},{\"@type\":\"ListItem\",\"position\":2,\"name\":\"Samedi 17 et Dimanche 18\/9\/2022 de 13 h 00 \u00e0 18 h 00 : Les journ\u00e9es europ\u00e9ennes reviennent au ch\u00e2teau de la chasse !\"}]},{\"@type\":\"WebSite\",\"@id\":\"https:\/\/www.randeaubonne.fr\/#website\",\"url\":\"https:\/\/www.randeaubonne.fr\/\",\"name\":\"Randeaubonne\",\"description\":\"La convivialit\u00e9 et la bonne humeur sont notre priorit\u00e9 !\",\"publisher\":{\"@id\":\"https:\/\/www.randeaubonne.fr\/#organization\"},\"potentialAction\":[{\"@type\":\"SearchAction\",\"target\":{\"@type\":\"EntryPoint\",\"urlTemplate\":\"https:\/\/www.randeaubonne.fr\/?s={search_term_string}\"},\"query-input\":{\"@type\":\"PropertyValueSpecification\",\"valueRequired\":true,\"valueName\":\"search_term_string\"}}],\"inLanguage\":\"fr-FR\"},{\"@type\":\"Organization\",\"@id\":\"https:\/\/www.randeaubonne.fr\/#organization\",\"name\":\"Randeaubonne\",\"url\":\"https:\/\/www.randeaubonne.fr\/\",\"logo\":{\"@type\":\"ImageObject\",\"inLanguage\":\"fr-FR\",\"@id\":\"https:\/\/www.randeaubonne.fr\/#\/schema\/logo\/image\/\",\"url\":\"https:\/\/www.randeaubonne.fr\/wp-content\/uploads\/2021\/10\/cropped-logo-randeaubonne-site.png\",\"contentUrl\":\"https:\/\/www.randeaubonne.fr\/wp-content\/uploads\/2021\/10\/cropped-logo-randeaubonne-site.png\",\"width\":215,\"height\":211,\"caption\":\"Randeaubonne\"},\"image\":{\"@id\":\"https:\/\/www.randeaubonne.fr\/#\/schema\/logo\/image\/\"}},{\"@type\":\"Person\",\"@id\":\"https:\/\/www.randeaubonne.fr\/#\/schema\/person\/fd1a97fe48e198ac885260fe5b51cd6f\",\"name\":\"Admin\",\"image\":{\"@type\":\"ImageObject\",\"inLanguage\":\"fr-FR\",\"@id\":\"https:\/\/www.randeaubonne.fr\/#\/schema\/person\/image\/\",\"url\":\"https:\/\/secure.gravatar.com\/avatar\/b341dba5d08b12a5f67536cde7f3b104067a60b7a672e68d56a0be4ab4d13045?s=96&d=blank&r=g\",\"contentUrl\":\"https:\/\/secure.gravatar.com\/avatar\/b341dba5d08b12a5f67536cde7f3b104067a60b7a672e68d56a0be4ab4d13045?s=96&d=blank&r=g\",\"caption\":\"Admin\"},\"url\":\"https:\/\/www.randeaubonne.fr\/index.php\/author\/adminrandeaubonne\/\"}]}<\/script>\n<!-- \/ Yoast SEO plugin. -->","yoast_head_json":{"title":"Samedi 17 et Dimanche 18\/9\/2022 de 13 h 00 \u00e0 18 h 00 : Les journ\u00e9es europ\u00e9ennes reviennent au ch\u00e2teau de la chasse ! - Randeaubonne","robots":{"index":"noindex","follow":"follow"},"og_locale":"fr_FR","og_type":"article","og_title":"Samedi 17 et Dimanche 18\/9\/2022 de 13 h 00 \u00e0 18 h 00 : Les journ\u00e9es europ\u00e9ennes reviennent au ch\u00e2teau de la chasse ! - Randeaubonne","og_description":"Bonjour \u00e0 tous, Le samedi 17 et dimanche 18 septembre, de 13h \u00e0 18h, venez rencontrer des forestiers et des artistes qui vivent la for\u00eat \u00e0 l\u2019occasion des journ\u00e9es europ\u00e9ennes du patrimoine ! Au programme : Tourn\u00e9e terrain \u00e0 14h : Gestion foresti\u00e8re et crise sanitaire. Les forestiers sur le front face \u00e0 la maladie [&hellip;]","og_url":"https:\/\/www.randeaubonne.fr\/index.php\/2022\/09\/03\/samedi-17-et-dimanche-18-septembre-de-13-h-00-a-18-h-00-journees-europeennes-reviennent-au-chateau-de-la-chasse\/","og_site_name":"Randeaubonne","article_published_time":"2022-09-03T19:22:31+00:00","article_modified_time":"2022-09-21T16:06:08+00:00","author":"Admin","twitter_card":"summary_large_image","twitter_misc":{"\u00c9crit par":"Admin","Dur\u00e9e de lecture estim\u00e9e":"1 minute"},"schema":{"@context":"https:\/\/schema.org","@graph":[{"@type":"Article","@id":"https:\/\/www.randeaubonne.fr\/index.php\/2022\/09\/03\/samedi-17-et-dimanche-18-septembre-de-13-h-00-a-18-h-00-journees-europeennes-reviennent-au-chateau-de-la-chasse\/#article","isPartOf":{"@id":"https:\/\/www.randeaubonne.fr\/index.php\/2022\/09\/03\/samedi-17-et-dimanche-18-septembre-de-13-h-00-a-18-h-00-journees-europeennes-reviennent-au-chateau-de-la-chasse\/"},"author":{"name":"Admin","@id":"https:\/\/www.randeaubonne.fr\/#\/schema\/person\/fd1a97fe48e198ac885260fe5b51cd6f"},"headline":"Samedi 17 et Dimanche 18\/9\/2022 de 13 h 00 \u00e0 18 h 00 : Les journ\u00e9es europ\u00e9ennes reviennent au ch\u00e2teau de la chasse !","datePublished":"2022-09-03T19:22:31+00:00","dateModified":"2022-09-21T16:06:08+00:00","mainEntityOfPage":{"@id":"https:\/\/www.randeaubonne.fr\/index.php\/2022\/09\/03\/samedi-17-et-dimanche-18-septembre-de-13-h-00-a-18-h-00-journees-europeennes-reviennent-au-chateau-de-la-chasse\/"},"wordCount":168,"publisher":{"@id":"https:\/\/www.randeaubonne.fr\/#organization"},"inLanguage":"fr-FR"},{"@type":"WebPage","@id":"https:\/\/www.randeaubonne.fr\/index.php\/2022\/09\/03\/samedi-17-et-dimanche-18-septembre-de-13-h-00-a-18-h-00-journees-europeennes-reviennent-au-chateau-de-la-chasse\/","url":"https:\/\/www.randeaubonne.fr\/index.php\/2022\/09\/03\/samedi-17-et-dimanche-18-septembre-de-13-h-00-a-18-h-00-journees-europeennes-reviennent-au-chateau-de-la-chasse\/","name":"Samedi 17 et Dimanche 18\/9\/2022 de 13 h 00 \u00e0 18 h 00 : Les journ\u00e9es europ\u00e9ennes reviennent au ch\u00e2teau de la chasse ! - Randeaubonne","isPartOf":{"@id":"https:\/\/www.randeaubonne.fr\/#website"},"datePublished":"2022-09-03T19:22:31+00:00","dateModified":"2022-09-21T16:06:08+00:00","breadcrumb":{"@id":"https:\/\/www.randeaubonne.fr\/index.php\/2022\/09\/03\/samedi-17-et-dimanche-18-septembre-de-13-h-00-a-18-h-00-journees-europeennes-reviennent-au-chateau-de-la-chasse\/#breadcrumb"},"inLanguage":"fr-FR","potentialAction":[{"@type":"ReadAction","target":["https:\/\/www.randeaubonne.fr\/index.php\/2022\/09\/03\/samedi-17-et-dimanche-18-septembre-de-13-h-00-a-18-h-00-journees-europeennes-reviennent-au-chateau-de-la-chasse\/"]}]},{"@type":"BreadcrumbList","@id":"https:\/\/www.randeaubonne.fr\/index.php\/2022\/09\/03\/samedi-17-et-dimanche-18-septembre-de-13-h-00-a-18-h-00-journees-europeennes-reviennent-au-chateau-de-la-chasse\/#breadcrumb","itemListElement":[{"@type":"ListItem","position":1,"name":"Accueil","item":"https:\/\/www.randeaubonne.fr\/"},{"@type":"ListItem","position":2,"name":"Samedi 17 et Dimanche 18\/9\/2022 de 13 h 00 \u00e0 18 h 00 : Les journ\u00e9es europ\u00e9ennes reviennent au ch\u00e2teau de la chasse !"}]},{"@type":"WebSite","@id":"https:\/\/www.randeaubonne.fr\/#website","url":"https:\/\/www.randeaubonne.fr\/","name":"Randeaubonne","description":"La convivialit\u00e9 et la bonne humeur sont notre priorit\u00e9 !","publisher":{"@id":"https:\/\/www.randeaubonne.fr\/#organization"},"potentialAction":[{"@type":"SearchAction","target":{"@type":"EntryPoint","urlTemplate":"https:\/\/www.randeaubonne.fr\/?s={search_term_string}"},"query-input":{"@type":"PropertyValueSpecification","valueRequired":true,"valueName":"search_term_string"}}],"inLanguage":"fr-FR"},{"@type":"Organization","@id":"https:\/\/www.randeaubonne.fr\/#organization","name":"Randeaubonne","url":"https:\/\/www.randeaubonne.fr\/","logo":{"@type":"ImageObject","inLanguage":"fr-FR","@id":"https:\/\/www.randeaubonne.fr\/#\/schema\/logo\/image\/","url":"https:\/\/www.randeaubonne.fr\/wp-content\/uploads\/2021\/10\/cropped-logo-randeaubonne-site.png","contentUrl":"https:\/\/www.randeaubonne.fr\/wp-content\/uploads\/2021\/10\/cropped-logo-randeaubonne-site.png","width":215,"height":211,"caption":"Randeaubonne"},"image":{"@id":"https:\/\/www.randeaubonne.fr\/#\/schema\/logo\/image\/"}},{"@type":"Person","@id":"https:\/\/www.randeaubonne.fr\/#\/schema\/person\/fd1a97fe48e198ac885260fe5b51cd6f","name":"Admin","image":{"@type":"ImageObject","inLanguage":"fr-FR","@id":"https:\/\/www.randeaubonne.fr\/#\/schema\/person\/image\/","url":"https:\/\/secure.gravatar.com\/avatar\/b341dba5d08b12a5f67536cde7f3b104067a60b7a672e68d56a0be4ab4d13045?s=96&d=blank&r=g","contentUrl":"https:\/\/secure.gravatar.com\/avatar\/b341dba5d08b12a5f67536cde7f3b104067a60b7a672e68d56a0be4ab4d13045?s=96&d=blank&r=g","caption":"Admin"},"url":"https:\/\/www.randeaubonne.fr\/index.php\/author\/adminrandeaubonne\/"}]}},"_links":{"self":[{"href":"https:\/\/www.randeaubonne.fr\/index.php\/wp-json\/wp\/v2\/posts\/3346","targetHints":{"allow":["GET"]}}],"collection":[{"href":"https:\/\/www.randeaubonne.fr\/index.php\/wp-json\/wp\/v2\/posts"}],"about":[{"href":"https:\/\/www.randeaubonne.fr\/index.php\/wp-json\/wp\/v2\/types\/post"}],"author":[{"embeddable":true,"href":"https:\/\/www.randeaubonne.fr\/index.php\/wp-json\/wp\/v2\/users\/3"}],"replies":[{"embeddable":true,"href":"https:\/\/www.randeaubonne.fr\/index.php\/wp-json\/wp\/v2\/comments?post=3346"}],"version-history":[{"count":5,"href":"https:\/\/www.randeaubonne.fr\/index.php\/wp-json\/wp\/v2\/posts\/3346\/revisions"}],"predecessor-version":[{"id":3356,"href":"https:\/\/www.randeaubonne.fr\/index.php\/wp-json\/wp\/v2\/posts\/3346\/revisions\/3356"}],"wp:attachment":[{"href":"https:\/\/www.randeaubonne.fr\/index.php\/wp-json\/wp\/v2\/media?parent=3346"}],"wp:term":[{"taxonomy":"category","embeddable":true,"href":"https:\/\/www.randeaubonne.fr\/index.php\/wp-json\/wp\/v2\/categories?post=3346"},{"taxonomy":"post_tag","embeddable":true,"href":"https:\/\/www.randeaubonne.fr\/index.php\/wp-json\/wp\/v2\/tags?post=3346"}],"curies":[{"name":"wp","href":"https:\/\/api.w.org\/{rel}","templated":true}]}}